{"id":70467,"date":"2024-07-17T19:29:19","date_gmt":"2024-07-18T01:29:19","guid":{"rendered":"https:\/\/zonaroja.com.mx\/?p=70467"},"modified":"2024-07-17T19:36:13","modified_gmt":"2024-07-18T01:36:13","slug":"sala-superior-del-tepjf-revoco-mandato-a-edil-de-san-miguel-panixtlahuaca","status":"publish","type":"post","link":"https:\/\/zonaroja.com.mx\/?p=70467","title":{"rendered":"Sala Superior del TEPJF revoc\u00f3 mandato a edil de San Miguel Panixtlahuaca"},"content":{"rendered":"\n<p>Redacci\u00f3n\/Zona Roja Cdmx.<\/p>\n\n\n\n<p>Ciudad de M\u00e9xico, a 17 de julio de 2024.- &nbsp;La Sala Superior del Tribunal Electoral del Poder Judicial de la Federaci\u00f3n (TEPJF) revoc\u00f3, por mayor\u00eda de votos, la sentencia de la Sala Regional Xalapa y confirm\u00f3 la del Tribunal Electoral del Estado de Oaxaca, que determin\u00f3 jur\u00eddicamente v\u00e1lida la revocaci\u00f3n de mandato del presidente municipal de San Miguel Panixtlahuaca, realizada bajo el sistema normativo ind\u00edgena.<\/p>\n\n\n\n<p>El caso ante la Sala Superior se origin\u00f3 porque integrantes de la comunidad controvirtieron la sentencia emitida por la Sala Regional Xalapa, al considerar que esa decisi\u00f3n inobserv\u00f3 su normativa interna (perifoneo y aviso de topiles casa por casa) para notificar la convocatoria a la asamblea general a toda su poblaci\u00f3n y de manera contraria, la Sala determin\u00f3 que la \u00fanica forma v\u00e1lida para notificar era de forma \u201cpersonal\u201d.<\/p>\n\n\n\n<p>A propuesta del magistrado Felipe Alfredo Fuentes Barrera, la Sala Superior, en sesi\u00f3n p\u00fablica presencial, determin\u00f3, en plenitud de jurisdicci\u00f3n, confirmar la sentencia del Tribunal Electoral de Oaxaca, \u00f3rgano que valid\u00f3 el desarrollo de la asamblea general comunitaria.<\/p>\n\n\n\n<p>Se argument\u00f3 que la Sala Regional Xalapa no advirti\u00f3 la existencia de un sistema jur\u00eddico interno para la terminaci\u00f3n anticipada del encargo y no consider\u00f3 la libre autodeterminaci\u00f3n de la comunidad, ni las circunstancias particulares de su sistema normativo ind\u00edgena, por lo que inaplic\u00f3 de forma indebida sus normas vinculadas a convocar a las asambleas generales comunitarias para desarrollar el procedimiento de revocaci\u00f3n de mandato.<\/p>\n\n\n\n<p>En consecuencia, se revoc\u00f3 la sentencia de la Sala Regional Xalapa y, por tanto, se consider\u00f3 v\u00e1lida la terminaci\u00f3n anticipada de mandato del presidente municipal de la comunidad, as\u00ed como la elecci\u00f3n de la persona que ocupar\u00e1 dicho cargo (SUP-REC-530\/2024).<\/p>\n\n\n\n<p>(Comunicado)<\/p>\n","protected":false},"excerpt":{"rendered":"<p>Redacci\u00f3n\/Zona Roja Cdmx. Ciudad de M\u00e9xico, a 17 de julio de 2024.- &nbsp;La Sala Superior&hellip;<\/p>\n","protected":false},"author":2,"featured_media":70468,"comment_status":"closed","ping_status":"open","sticky":false,"template":"","format":"standard","meta":{"_lmt_disableupdate":"","_lmt_disable":"","_jetpack_memberships_contains_paid_content":false,"footnotes":""},"categories":[109,47],"tags":[3032],"class_list":["post-70467","post","type-post","status-publish","format-standard","has-post-thumbnail","hentry","category-minuto-a-minuto","category-zona-gris","tag-san-miguel-panixtlahuaca"],"jetpack_featured_media_url":"https:\/\/zonaroja.com.mx\/wp-content\/uploads\/2024\/07\/San-Miguel-Panixtlahuaca.jpg","jetpack_sharing_enabled":true,"_links":{"self":[{"href":"https:\/\/zonaroja.com.mx\/index.php?rest_route=\/wp\/v2\/posts\/70467","targetHints":{"allow":["GET"]}}],"collection":[{"href":"https:\/\/zonaroja.com.mx\/index.php?rest_route=\/wp\/v2\/posts"}],"about":[{"href":"https:\/\/zonaroja.com.mx\/index.php?rest_route=\/wp\/v2\/types\/post"}],"author":[{"embeddable":true,"href":"https:\/\/zonaroja.com.mx\/index.php?rest_route=\/wp\/v2\/users\/2"}],"replies":[{"embeddable":true,"href":"https:\/\/zonaroja.com.mx\/index.php?rest_route=%2Fwp%2Fv2%2Fcomments&post=70467"}],"version-history":[{"count":2,"href":"https:\/\/zonaroja.com.mx\/index.php?rest_route=\/wp\/v2\/posts\/70467\/revisions"}],"predecessor-version":[{"id":70470,"href":"https:\/\/zonaroja.com.mx\/index.php?rest_route=\/wp\/v2\/posts\/70467\/revisions\/70470"}],"wp:featuredmedia":[{"embeddable":true,"href":"https:\/\/zonaroja.com.mx\/index.php?rest_route=\/wp\/v2\/media\/70468"}],"wp:attachment":[{"href":"https:\/\/zonaroja.com.mx\/index.php?rest_route=%2Fwp%2Fv2%2Fmedia&parent=70467"}],"wp:term":[{"taxonomy":"category","embeddable":true,"href":"https:\/\/zonaroja.com.mx\/index.php?rest_route=%2Fwp%2Fv2%2Fcategories&post=70467"},{"taxonomy":"post_tag","embeddable":true,"href":"https:\/\/zonaroja.com.mx\/index.php?rest_route=%2Fwp%2Fv2%2Ftags&post=70467"}],"curies":[{"name":"wp","href":"https:\/\/api.w.org\/{rel}","templated":true}]}}