{"id":7047,"date":"2019-12-27T20:06:11","date_gmt":"2019-12-28T02:06:11","guid":{"rendered":"http:\/\/www.zonaroja.com.mx\/?p=7047"},"modified":"2019-12-27T20:06:14","modified_gmt":"2019-12-28T02:06:14","slug":"vinculan-a-proceso-a-segundo-probable-implicado-en-caso-de-maria-elena","status":"publish","type":"post","link":"https:\/\/zonaroja.com.mx\/?p=7047","title":{"rendered":"Vinculan a proceso a segundo probable implicado en caso de Mar\u00eda Elena"},"content":{"rendered":"\n<p>Redacci\u00f3n\/Zona Roja.<\/p>\n\n\n\n<p>Oaxaca de Ju\u00e1rez, Oax., 27 de diciembre\nde 2019.- Un juez del Poder Judicial de Oaxaca determin\u00f3 vincular a proceso a Rubicel\nH. R., segunda persona detenida la noche del mi\u00e9rcoles como probable implicada\nen el ataque con \u00e1cido a la joven saxofonista Mar\u00eda Elena R\u00edos Ortiz.<\/p>\n\n\n\n<p>Junto con su padre, Ponciano H. Y., de\noficio alba\u00f1iles, se les impuso la medida de prisi\u00f3n preventiva y ser\u00e1 en\ncuatro meses cuando se dicte el cierre de la investigaci\u00f3n.<\/p>\n\n\n\n<p>Ayer en conferencia de prensa, la\nFiscal\u00eda General del Estado de Oaxaca dio a conocer la aprehensi\u00f3n de Rubicel,\nen inmediaciones de las oficinas gubernamentales de Ciudad Judicial, Reyes\nMantec\u00f3n, San Bartolo Coyotepec, acusado de rociar con \u00e1cido a la joven, el 9\nde septiembre en Huajuapan de Le\u00f3n.<\/p>\n\n\n\n<p>Mientras que su padre, Ponciano, fue\ndetenido el 23 de diciembre pasado en San Andr\u00e9s Huay\u00e1pam y es se\u00f1alado de\nvigilar la zona mientras se perpetraba la agresi\u00f3n.<\/p>\n\n\n\n<p>De acuerdo con la causa penal 553\/2019,\nalrededor de las 15:46 horas del 6 de septiembre del presente a\u00f1o, la v\u00edctima\nrecibi\u00f3 una llamada telef\u00f3nica de una persona del sexo masculino, quien le\nsolicit\u00f3 sus servicios para el tr\u00e1mite de una VISA, acordando como cita el d\u00eda\n9 de septiembre a las 10:00 horas en el domicilio y negocio de la joven\nagraviada, ubicado en la ciudad de Huajuapan de Le\u00f3n.<\/p>\n\n\n\n<p>El d\u00eda de los hechos (9 de septiembre\nde 2019), la v\u00edctima recibi\u00f3 en su domicilio a la persona con quien hab\u00eda\nagendando la cita y aproximadamente a las 10:10 horas, el sujeto que se identific\u00f3\ncomo R. L., le roc\u00edo \u00e1cido sulf\u00farico sobre el rostro y cuerpo.<\/p>\n\n\n\n<p>La Fiscal\u00eda General del Estado\nintensific\u00f3 sus actuaciones una vez que medios de comunicaci\u00f3n denunciaron que\na tres meses de los hechos, no hab\u00eda ning\u00fan avance en las indagatorias. <\/p>\n\n\n\n<p>En tanto, ha evadido informar si\ninvestiga al ex diputado local Juan Antonio Vera Carrizal como probable autor\nintelectual de las agresiones a Mar\u00eda Elena, seg\u00fan lo ha denunciado ella misma.<\/p>\n","protected":false},"excerpt":{"rendered":"<p>Redacci\u00f3n\/Zona Roja. Oaxaca de Ju\u00e1rez, Oax., 27 de diciembre de 2019.- Un juez del Poder&hellip;<\/p>\n","protected":false},"author":2,"featured_media":7048,"comment_status":"closed","ping_status":"open","sticky":false,"template":"","format":"standard","meta":{"_lmt_disableupdate":"","_lmt_disable":"","_jetpack_memberships_contains_paid_content":false,"footnotes":""},"categories":[109,51],"tags":[494,1124],"class_list":["post-7047","post","type-post","status-publish","format-standard","has-post-thumbnail","hentry","category-minuto-a-minuto","category-zona-roja","tag-fiscalia-general-del-estado-de-oaxaca","tag-maria-elena-rios-ortiz"],"jetpack_featured_media_url":"https:\/\/zonaroja.com.mx\/wp-content\/uploads\/2019\/12\/Detenido-Rubicel-H.-R.-caso-Mar\u00eda-Elena.jpg","jetpack_sharing_enabled":true,"_links":{"self":[{"href":"https:\/\/zonaroja.com.mx\/index.php?rest_route=\/wp\/v2\/posts\/7047","targetHints":{"allow":["GET"]}}],"collection":[{"href":"https:\/\/zonaroja.com.mx\/index.php?rest_route=\/wp\/v2\/posts"}],"about":[{"href":"https:\/\/zonaroja.com.mx\/index.php?rest_route=\/wp\/v2\/types\/post"}],"author":[{"embeddable":true,"href":"https:\/\/zonaroja.com.mx\/index.php?rest_route=\/wp\/v2\/users\/2"}],"replies":[{"embeddable":true,"href":"https:\/\/zonaroja.com.mx\/index.php?rest_route=%2Fwp%2Fv2%2Fcomments&post=7047"}],"version-history":[{"count":1,"href":"https:\/\/zonaroja.com.mx\/index.php?rest_route=\/wp\/v2\/posts\/7047\/revisions"}],"predecessor-version":[{"id":7049,"href":"https:\/\/zonaroja.com.mx\/index.php?rest_route=\/wp\/v2\/posts\/7047\/revisions\/7049"}],"wp:featuredmedia":[{"embeddable":true,"href":"https:\/\/zonaroja.com.mx\/index.php?rest_route=\/wp\/v2\/media\/7048"}],"wp:attachment":[{"href":"https:\/\/zonaroja.com.mx\/index.php?rest_route=%2Fwp%2Fv2%2Fmedia&parent=7047"}],"wp:term":[{"taxonomy":"category","embeddable":true,"href":"https:\/\/zonaroja.com.mx\/index.php?rest_route=%2Fwp%2Fv2%2Fcategories&post=7047"},{"taxonomy":"post_tag","embeddable":true,"href":"https:\/\/zonaroja.com.mx\/index.php?rest_route=%2Fwp%2Fv2%2Ftags&post=7047"}],"curies":[{"name":"wp","href":"https:\/\/api.w.org\/{rel}","templated":true}]}}