{"id":70475,"date":"2024-07-18T06:23:12","date_gmt":"2024-07-18T12:23:12","guid":{"rendered":"https:\/\/zonaroja.com.mx\/?p=70475"},"modified":"2024-07-18T06:23:14","modified_gmt":"2024-07-18T12:23:14","slug":"extienden-fiscalia-en-tu-comunidad-a-mas-localidades-de-oaxaca","status":"publish","type":"post","link":"https:\/\/zonaroja.com.mx\/?p=70475","title":{"rendered":"Extienden \u201cFiscal\u00eda en tu Comunidad\u201d a m\u00e1s localidades de Oaxaca"},"content":{"rendered":"\n<p>Redacci\u00f3n\/Zona Roja.&nbsp;<\/p>\n\n\n\n<p>Oaxaca de Ju\u00e1rez, Oax., a 18 de julio de 2024.-&nbsp;Al inaugurar las jornadas del programa de proximidad social denominado \u201cFiscal\u00eda en tu Comunidad\u201d en el municipio de San Nicol\u00e1s Yaxe, perteneciente al distrito de Ocotl\u00e1n,&nbsp; el fiscal General, Bernardo Rodr\u00edguez Alamilla, explic\u00f3 que este tipo de actividades est\u00e1n dise\u00f1adas para atender, por medio de capacitaciones en materia de seguridad y prevenci\u00f3n del delito, al funcionariado, cuerpos de seguridad municipal, as\u00ed como a la ciudadan\u00eda en general y, de esta forma, construir espacios seguros para todas y todos.<\/p>\n\n\n\n<p>Acompa\u00f1ado por el presidente municipal, Maximino Hern\u00e1ndez Ram\u00edrez; el s\u00edndico municipal, Emilio L\u00f3pez Hern\u00e1ndez; la regidora de Hacienda, Er\u00e9ndira Guadalupe L\u00f3pez M\u00e9ndez y el encargado del Despacho de la Vicefiscal\u00eda Regional de Calles Centrales, Samuel Jim\u00e9nez Acevedo; el fiscal General e Oaxaca, Bernardo Rodr\u00edguez Alamilla indic\u00f3 que, el trabajo en materia de seguridad no es solo responsabilidad de una instituci\u00f3n, sino que tiene que ser trabajo compartido entre las autoridades de los tres niveles de gobierno.<\/p>\n\n\n\n<p>Agreg\u00f3 que, para lograrlo, es indispensable mantener un contacto cercano y continuo con la poblaci\u00f3n, por ello, invit\u00f3 a las autoridades y a la ciudadan\u00eda a que, cuando existan dudas sobre los proceso de procuraci\u00f3n de justicia o hayan sido v\u00edctimas de alg\u00fan delito, tengan la plena confianza de acercarse a la Instituci\u00f3n, \u201cpues nuestro trabajo es coadyuvar con la procuraci\u00f3n de justicia\u201d.&nbsp;<\/p>\n\n\n\n<p>En este sentido, el fiscal Bernardo Rodr\u00edguez Alamilla, hizo un reconocimiento p\u00fablico a quienes integran las polic\u00edas municipales, pues son ellas y ellos los primeros respondientes que hacen las labores iniciales para garantizar la paz y la seguridad en las comunidades.&nbsp;<\/p>\n\n\n\n<p>Finalmente, agreg\u00f3 que esta estrategia es la oportunidad para atender de ra\u00edz las causas del fen\u00f3meno delictivo y para reducir la incidencia de los delitos m\u00e1s recurrentes que se registran en toda la entidad oaxaque\u00f1a, como lo son: violencia familiar, extorsi\u00f3n telef\u00f3nica y el delito gota a gota, brindando informaci\u00f3n a las diferentes autoridades municipales y a la poblaci\u00f3n.<\/p>\n\n\n\n<p>Durante su participaci\u00f3n, el presidente municipal de San Nicol\u00e1s Yaxe, Maximino Hern\u00e1ndez Ram\u00edrez, agradeci\u00f3 la disposici\u00f3n del fiscal general, de las servidoras y servidores p\u00fablicos del organismo aut\u00f3nomo por acercar y ser part\u00edcipes de los diversos procesos de capacitaci\u00f3n que se imparten dentro de las jornadas de \u201cFiscal\u00eda en tu comunidad\u201d.<\/p>\n\n\n\n<p>EN JALPAN<\/p>\n\n\n\n<p>Por otra parte, a fin de fortalecer la colaboraci\u00f3n con las diferentes autoridades municipales para mejorar los procesos de procuraci\u00f3n de justicia en la entidad, la Fiscal\u00eda General del Estado de Oaxaca (FGEO) llev\u00f3 a San Raymundo Jalpan el programa de proximidad social \u201cFiscal\u00eda en tu comunidad\u201d, por medio del cual se brinda atenci\u00f3n informativa a la ciudadan\u00eda, adem\u00e1s de acercar los servicios del organismo e impartir talleres y capacitaciones prioritarias en materia de prevenci\u00f3n del delito.<\/p>\n\n\n\n<p>Acompa\u00f1ado por el presidente municipal de San Raymundo Jalpan, Pablo Mendoza V\u00e1squez; el s\u00edndico municipal, Eliseo Ben\u00edtez Hern\u00e1ndez; la regidora de Hacienda, Martha Angelica Mendoza Marqu\u00e9s; de la titular de la Instancia municipal de las Mujeres, Yesenia Hern\u00e1ndez Cosme y dem\u00e1s integrantes del cabildo municipal; el Fiscal General, Bernardo Rodr\u00edguez Alamilla, agradeci\u00f3 la invitaci\u00f3n de las autoridades, por permitir el acercamiento a ese municipio de las jornadas de trabajo, las cuales forman parte de la estrategia de prevenci\u00f3n en materia de seguridad p\u00fablica que se implementa en la entidad oaxaque\u00f1a.<\/p>\n\n\n\n<p>Rodr\u00edguez Alamilla expuso que, una de las prioridades del programa \u201cFiscal\u00eda en tu comunidad\u201d, es reconstruir la confianza con la ciudadan\u00eda, mediante acciones que permitan acercar los servicios y capacitaciones, adem\u00e1s de brindar informaci\u00f3n a las personas, y que estas herramientas les permitan hacer frente a las distintas modalidades del delito.<\/p>\n\n\n\n<p>\u201cCon esta estrategia tambi\u00e9n se busca disminuir la incidencia delictiva a lo largo de la entidad y, para lograrlo, se busca poner mayor \u00e9nfasis en el fortalecimiento de las polic\u00edas municipales que son actores fundamentales pues, al ser los primeros respondientes, su actuaci\u00f3n es clave, por tal motivo, se deben brindar las herramientas necesarias para que ellas y ellos puedan realizar mejor sus actividades\u201d, agreg\u00f3 el Fiscal General, Rodr\u00edguez Alamilla.<\/p>\n\n\n\n<p>Rodr\u00edguez Alamilla indic\u00f3 que, otro de los objetivos del programa \u201cFiscal\u00eda en tu Comunidad\u201d es abordar desde un enfoque preventivo los delitos m\u00e1s recurrentes, como \u201cViolencia Familiar\u201d, \u201cExtorsi\u00f3n Telef\u00f3nica\u201d y el delito \u201cGota a Gota\u201d.<\/p>\n\n\n\n<p>Ante ello, el Fiscal General, Bernardo Rodr\u00edguez Alamilla, reiter\u00f3 que \u201cse debe poner un esfuerzo para evitar que estos delitos sucedan, de ah\u00ed, la importancia de acercar nuestro trabajo y de brindarles a las comunidades las herramientas que impidan caer en estos delitos, pues la disminuci\u00f3n del fen\u00f3meno delictivo no es responsabilidad de una sola autoridad, sino un trabajo que implica la intervenci\u00f3n y participaci\u00f3n activa de todos los actores que conforman la sociedad\u201d.<\/p>\n\n\n\n<p>Durante su mensaje de bienvenida, el presidente municipal de San Raymundo Jalpan, Pablo Mendoza V\u00e1squez agradeci\u00f3 la disposici\u00f3n de la Instituci\u00f3n procuradora de Justicia para acudir a ese municipio, pues dijo, es la primera vez que un fiscal acude a esa comunidad, por tanto, indic\u00f3 que estos talleres y capacitaciones impartidas por personal del personal de la Fiscal\u00eda General de Oaxaca, les permitir\u00e1n brindar un mejor servicio en beneficio de su comunidad.<\/p>\n","protected":false},"excerpt":{"rendered":"<p>Redacci\u00f3n\/Zona Roja.&nbsp; Oaxaca de Ju\u00e1rez, Oax., a 18 de julio de 2024.-&nbsp;Al inaugurar las jornadas&hellip;<\/p>\n","protected":false},"author":2,"featured_media":70476,"comment_status":"closed","ping_status":"open","sticky":false,"template":"","format":"standard","meta":{"_lmt_disableupdate":"","_lmt_disable":"","_jetpack_memberships_contains_paid_content":false,"footnotes":""},"categories":[109,46],"tags":[494],"class_list":["post-70475","post","type-post","status-publish","format-standard","has-post-thumbnail","hentry","category-minuto-a-minuto","category-zona-blanca","tag-fiscalia-general-del-estado-de-oaxaca"],"jetpack_featured_media_url":"https:\/\/zonaroja.com.mx\/wp-content\/uploads\/2024\/07\/Fiscaia-en-tu-comunidad.jpeg","jetpack_sharing_enabled":true,"_links":{"self":[{"href":"https:\/\/zonaroja.com.mx\/index.php?rest_route=\/wp\/v2\/posts\/70475","targetHints":{"allow":["GET"]}}],"collection":[{"href":"https:\/\/zonaroja.com.mx\/index.php?rest_route=\/wp\/v2\/posts"}],"about":[{"href":"https:\/\/zonaroja.com.mx\/index.php?rest_route=\/wp\/v2\/types\/post"}],"author":[{"embeddable":true,"href":"https:\/\/zonaroja.com.mx\/index.php?rest_route=\/wp\/v2\/users\/2"}],"replies":[{"embeddable":true,"href":"https:\/\/zonaroja.com.mx\/index.php?rest_route=%2Fwp%2Fv2%2Fcomments&post=70475"}],"version-history":[{"count":1,"href":"https:\/\/zonaroja.com.mx\/index.php?rest_route=\/wp\/v2\/posts\/70475\/revisions"}],"predecessor-version":[{"id":70477,"href":"https:\/\/zonaroja.com.mx\/index.php?rest_route=\/wp\/v2\/posts\/70475\/revisions\/70477"}],"wp:featuredmedia":[{"embeddable":true,"href":"https:\/\/zonaroja.com.mx\/index.php?rest_route=\/wp\/v2\/media\/70476"}],"wp:attachment":[{"href":"https:\/\/zonaroja.com.mx\/index.php?rest_route=%2Fwp%2Fv2%2Fmedia&parent=70475"}],"wp:term":[{"taxonomy":"category","embeddable":true,"href":"https:\/\/zonaroja.com.mx\/index.php?rest_route=%2Fwp%2Fv2%2Fcategories&post=70475"},{"taxonomy":"post_tag","embeddable":true,"href":"https:\/\/zonaroja.com.mx\/index.php?rest_route=%2Fwp%2Fv2%2Ftags&post=70475"}],"curies":[{"name":"wp","href":"https:\/\/api.w.org\/{rel}","templated":true}]}}