{"id":70478,"date":"2024-07-18T08:30:00","date_gmt":"2024-07-18T14:30:00","guid":{"rendered":"https:\/\/zonaroja.com.mx\/?p=70478"},"modified":"2024-07-18T10:06:17","modified_gmt":"2024-07-18T16:06:17","slug":"registra-oaxaca-tres-playas-contaminadas-informa-la-cofepris","status":"publish","type":"post","link":"https:\/\/zonaroja.com.mx\/?p=70478","title":{"rendered":"Tiene Oaxaca tres playas contaminadas, informa la Cofepris"},"content":{"rendered":"\n<p>Raymundo Morales\/Zona Roja.<\/p>\n\n\n\n<p>Oaxaca de Ju\u00e1rez, Oax., a 18 de julio de 2024.- La Comisi\u00f3n Federal para la Protecci\u00f3n contra Riesgos Sanitarios (Cofepris) dio a conocer que 18 de 289 playas analizadas rebasaron el l\u00edmite m\u00e1ximo de la bacteria \u201cEnterococcus Faecalis\u201d, por lo que representan un riesgo para la salud de los turistas y sus habitantes.<\/p>\n\n\n\n<p>En el caso de Oaxaca son tres sitios de descanso, playa La Bocana de Bah\u00edas de Huatulco, as\u00ed como Puerto Angelito y la playa principal de Puerto Escondido, en la regi\u00f3n Costa del estado.<\/p>\n\n\n\n<p>En un comunicado, inform\u00f3 que se analizaron dos mil 315 muestras de agua de mar obtenidas en 393 puntos, en coordinaci\u00f3n con las \u00c1reas de Protecci\u00f3n contra Riesgos Sanitarios estatales y se observ\u00f3 que el 93.8% de las playas, es decir 271 playas, s\u00ed cumplen con el nivel de seguridad de 200 NMP de enterococos\/100ml, por lo que son consideradas \u00abaptas para uso recreativo\u00bb.<\/p>\n\n\n\n<p>Agreg\u00f3 que se coordina con las \u00e1reas de protecci\u00f3n contra Riesgos Sanitarios estatales para que las cinco entidades con playas sucias implementen medidas de saneamiento y as\u00ed prevenir riesgos a la salud de los vacacionistas en esta temporada.<\/p>\n\n\n\n<p>Cabe recordar que desde 2023, las autoridades sanitarias realizan monitoreos constantes sobre la calidad del agua de las playas en el pa\u00eds para garantizar la protecci\u00f3n de los visitantes a estos destinos.<\/p>\n\n\n\n<p>(Con informaci\u00f3n de \u201cEl Economista\u201d)<\/p>\n","protected":false},"excerpt":{"rendered":"<p>Raymundo Morales\/Zona Roja. Oaxaca de Ju\u00e1rez, Oax., a 18 de julio de 2024.- La Comisi\u00f3n&hellip;<\/p>\n","protected":false},"author":2,"featured_media":70479,"comment_status":"closed","ping_status":"open","sticky":false,"template":"","format":"standard","meta":{"_lmt_disableupdate":"","_lmt_disable":"","_jetpack_memberships_contains_paid_content":false,"footnotes":""},"categories":[109,47],"tags":[4000,590],"class_list":["post-70478","post","type-post","status-publish","format-standard","has-post-thumbnail","hentry","category-minuto-a-minuto","category-zona-gris","tag-cofepris","tag-puerto-escondido"],"jetpack_featured_media_url":"https:\/\/zonaroja.com.mx\/wp-content\/uploads\/2024\/07\/Playa-principal-Puerto-Escondido.jpeg","jetpack_sharing_enabled":true,"_links":{"self":[{"href":"https:\/\/zonaroja.com.mx\/index.php?rest_route=\/wp\/v2\/posts\/70478","targetHints":{"allow":["GET"]}}],"collection":[{"href":"https:\/\/zonaroja.com.mx\/index.php?rest_route=\/wp\/v2\/posts"}],"about":[{"href":"https:\/\/zonaroja.com.mx\/index.php?rest_route=\/wp\/v2\/types\/post"}],"author":[{"embeddable":true,"href":"https:\/\/zonaroja.com.mx\/index.php?rest_route=\/wp\/v2\/users\/2"}],"replies":[{"embeddable":true,"href":"https:\/\/zonaroja.com.mx\/index.php?rest_route=%2Fwp%2Fv2%2Fcomments&post=70478"}],"version-history":[{"count":2,"href":"https:\/\/zonaroja.com.mx\/index.php?rest_route=\/wp\/v2\/posts\/70478\/revisions"}],"predecessor-version":[{"id":70504,"href":"https:\/\/zonaroja.com.mx\/index.php?rest_route=\/wp\/v2\/posts\/70478\/revisions\/70504"}],"wp:featuredmedia":[{"embeddable":true,"href":"https:\/\/zonaroja.com.mx\/index.php?rest_route=\/wp\/v2\/media\/70479"}],"wp:attachment":[{"href":"https:\/\/zonaroja.com.mx\/index.php?rest_route=%2Fwp%2Fv2%2Fmedia&parent=70478"}],"wp:term":[{"taxonomy":"category","embeddable":true,"href":"https:\/\/zonaroja.com.mx\/index.php?rest_route=%2Fwp%2Fv2%2Fcategories&post=70478"},{"taxonomy":"post_tag","embeddable":true,"href":"https:\/\/zonaroja.com.mx\/index.php?rest_route=%2Fwp%2Fv2%2Ftags&post=70478"}],"curies":[{"name":"wp","href":"https:\/\/api.w.org\/{rel}","templated":true}]}}