{"id":70483,"date":"2024-07-18T11:30:00","date_gmt":"2024-07-18T17:30:00","guid":{"rendered":"https:\/\/zonaroja.com.mx\/?p=70483"},"modified":"2024-07-18T07:19:30","modified_gmt":"2024-07-18T13:19:30","slug":"reforma-congreso-ley-para-sancionar-la-violencia-obstetrica","status":"publish","type":"post","link":"https:\/\/zonaroja.com.mx\/?p=70483","title":{"rendered":"Reforma Congreso ley para sancionar la violencia obst\u00e9trica"},"content":{"rendered":"\n<p>Redacci\u00f3n\/Zona Roja.<\/p>\n\n\n\n<p>Oaxaca de Ju\u00e1rez, Oax., a 18 de julio de 2024.- La diputada local de Morena, Mariana Ben\u00edtez Tiburcio, destac\u00f3 que la entidad oaxaque\u00f1a da un paso de gran importancia con la aprobaci\u00f3n por mayor\u00eda del pleno a su iniciativa de reforma a la Ley de Salud Estatal para que la Secretar\u00eda de Salud impulse acciones para la erradicaci\u00f3n de la violencia obst\u00e9trica.<\/p>\n\n\n\n<p>\u201cHoy es una realidad que en complemento con mis compa\u00f1eras y compa\u00f1eros diputados nos permite avanzar en la lucha contra la discriminaci\u00f3n y violencia contra las mujeres. La capacitaci\u00f3n y sensibilizaci\u00f3n continua al personal que presta sus servicios en las \u00e1reas gineco-obst\u00e9trica, busca garantizar los derechos de las mujeres durante su embarazo, parto y postparto\u201d, destac\u00f3.<\/p>\n\n\n\n<p>La congresista oaxaque\u00f1a detall\u00f3 como necesario dotar de acciones de capacitaci\u00f3n y sensibilizaci\u00f3n al personal m\u00e9dico, enfocadas en el reconocimiento de la mujer como protagonista, adem\u00e1s de contrarrestar este fen\u00f3meno que promueve actos que juzgan, humillan, discriminan y lastiman f\u00edsica y psicol\u00f3gicamente a las mujeres.<\/p>\n\n\n\n<p>Asimismo, subray\u00f3 que desde julio del 2019 en Oaxaca se reconoci\u00f3 la violencia obst\u00e9trica como un tipo de violencia de g\u00e9nero contra las mujeres, en la Ley Estatal de Acceso de las Mujeres a una Vida Libre de Violencia de G\u00e9nero, y se visibiliz\u00f3 que la violencia obst\u00e9trica no es una actitud individual de los m\u00e9dicos, sino un problema estructural.<\/p>\n\n\n\n<p>\u201cLos profesionales de la salud pueden no estar conscientes de que sus acciones son percibidas como violentas o traum\u00e1ticas por las mujeres. Esta sensibilizaci\u00f3n implica educar a los proveedores de atenci\u00f3n m\u00e9dica sobre los derechos de las mujeres durante el embarazo, parto y postparto, as\u00ed como la importancia de un trato respetuoso y digno\u201d, sostuvo.<\/p>\n\n\n\n<p>\u201cLas causas de la violencia obst\u00e9trica se dan principalmente por la asimetr\u00eda de poder entre el personal m\u00e9dico y la mujer, la omnipotencia del m\u00e9dico como representante del poder hegem\u00f3nico patriarcal y prejuicios en los que la mujer es vista s\u00f3lo como objeto reproductor\u201d, enfatiz\u00f3.<\/p>\n\n\n\n<p>La congresista local record\u00f3 que seg\u00fan datos obtenidos por la Encuesta Nacional sobre la Din\u00e1mica de las Relaciones en los Hogares (ENDIREH 2021), en Oaxaca de un total de 280 mil 854 mujeres de entre 15 y 49 a\u00f1os que tuvieron su \u00faltimo parto entre 2016 y 2021, el 32.4% fue maltratada en alg\u00fan momento de su \u00faltimo parto, es decir, m\u00e1s de 90 mil 968 mujeres sufrieron alg\u00fan suceso de violencia obst\u00e9trica.<\/p>\n\n\n\n<p>\u201cEl segundo paso es aprobar la tipificaci\u00f3n de la violencia obst\u00e9trica en Oaxaca que tambi\u00e9n est\u00e1 pendiente; y que al finalizar esta legislatura nos compromete como legisladoras y legisladores a mantener la lucha en garantizar los derechos de las mujeres y erradicar todo tipo de violencia\u201d, concluy\u00f3.<\/p>\n\n\n\n<figure class=\"wp-block-embed is-type-rich is-provider-twitter wp-block-embed-twitter\"><div class=\"wp-block-embed__wrapper\">\n<div class=\"twitter-tweet\"><blockquote class=\"twitter-tweet\" data-lang=\"es\"><p lang=\"es\" dir=\"ltr\">En sesi\u00f3n ordinaria del <a href=\"https:\/\/twitter.com\/CongresoOaxaca_?ref_src=twsrc%5Etfw\">@CongresoOaxaca_<\/a> y previo al a aprobaci\u00f3n por parte del pleno, la diputada <a href=\"https:\/\/twitter.com\/marianabenitezt?ref_src=twsrc%5Etfw\">@marianabenitezt<\/a> destac\u00f3 que la iniciativa de reforma a la Ley Estatal de Salud tiene como objetivo la capacitaci\u00f3n y sensibilizaci\u00f3n del personal m\u00e9dico de las \u00e1reas\u2026 <a href=\"https:\/\/t.co\/OPEcE6gENJ\">pic.twitter.com\/OPEcE6gENJ<\/a><\/p>&mdash; Zona Roja Oaxaca (@ZonaRoja_Oaxaca) <a href=\"https:\/\/twitter.com\/ZonaRoja_Oaxaca\/status\/1813713547622256977?ref_src=twsrc%5Etfw\">17 de julio de 2024<\/a><\/blockquote><\/div>\n<\/div><\/figure>\n","protected":false},"excerpt":{"rendered":"<p>Redacci\u00f3n\/Zona Roja. Oaxaca de Ju\u00e1rez, Oax., a 18 de julio de 2024.- La diputada local&hellip;<\/p>\n","protected":false},"author":2,"featured_media":70484,"comment_status":"closed","ping_status":"open","sticky":false,"template":"","format":"standard","meta":{"_lmt_disableupdate":"","_lmt_disable":"","_jetpack_memberships_contains_paid_content":false,"footnotes":""},"categories":[109,46],"tags":[2969],"class_list":["post-70483","post","type-post","status-publish","format-standard","has-post-thumbnail","hentry","category-minuto-a-minuto","category-zona-blanca","tag-mariana-benitez-tiburcio"],"jetpack_featured_media_url":"https:\/\/zonaroja.com.mx\/wp-content\/uploads\/2024\/07\/Mariana-Benitez.jpg","jetpack_sharing_enabled":true,"_links":{"self":[{"href":"https:\/\/zonaroja.com.mx\/index.php?rest_route=\/wp\/v2\/posts\/70483","targetHints":{"allow":["GET"]}}],"collection":[{"href":"https:\/\/zonaroja.com.mx\/index.php?rest_route=\/wp\/v2\/posts"}],"about":[{"href":"https:\/\/zonaroja.com.mx\/index.php?rest_route=\/wp\/v2\/types\/post"}],"author":[{"embeddable":true,"href":"https:\/\/zonaroja.com.mx\/index.php?rest_route=\/wp\/v2\/users\/2"}],"replies":[{"embeddable":true,"href":"https:\/\/zonaroja.com.mx\/index.php?rest_route=%2Fwp%2Fv2%2Fcomments&post=70483"}],"version-history":[{"count":1,"href":"https:\/\/zonaroja.com.mx\/index.php?rest_route=\/wp\/v2\/posts\/70483\/revisions"}],"predecessor-version":[{"id":70485,"href":"https:\/\/zonaroja.com.mx\/index.php?rest_route=\/wp\/v2\/posts\/70483\/revisions\/70485"}],"wp:featuredmedia":[{"embeddable":true,"href":"https:\/\/zonaroja.com.mx\/index.php?rest_route=\/wp\/v2\/media\/70484"}],"wp:attachment":[{"href":"https:\/\/zonaroja.com.mx\/index.php?rest_route=%2Fwp%2Fv2%2Fmedia&parent=70483"}],"wp:term":[{"taxonomy":"category","embeddable":true,"href":"https:\/\/zonaroja.com.mx\/index.php?rest_route=%2Fwp%2Fv2%2Fcategories&post=70483"},{"taxonomy":"post_tag","embeddable":true,"href":"https:\/\/zonaroja.com.mx\/index.php?rest_route=%2Fwp%2Fv2%2Ftags&post=70483"}],"curies":[{"name":"wp","href":"https:\/\/api.w.org\/{rel}","templated":true}]}}