{"id":70489,"date":"2024-07-18T08:27:00","date_gmt":"2024-07-18T14:27:00","guid":{"rendered":"https:\/\/zonaroja.com.mx\/?p=70489"},"modified":"2024-07-18T07:55:20","modified_gmt":"2024-07-18T13:55:20","slug":"encarcelan-a-la-presidenta-municipal-de-cuicatlan-oaxaca","status":"publish","type":"post","link":"https:\/\/zonaroja.com.mx\/?p=70489","title":{"rendered":"Encarcelan a la presidenta municipal de Cuicatl\u00e1n, Oaxaca"},"content":{"rendered":"\n<p>Ismael Garc\u00eda M.\/Zona Roja.<\/p>\n\n\n\n<p>Oaxaca de Ju\u00e1rez, Oax., a 18 de julio de 2024.- Acusa de desv\u00edo de recursos, nula obra p\u00fablica y enriquecimiento il\u00edcito, la presidenta municipal de San Juan Bautista Cuicatl\u00e1n, Maricel Mariscal Gayt\u00e1n, fue encarcelada anoche por la poblaci\u00f3n.<\/p>\n\n\n\n<p>Asimismo, los inconformes que se reunieron en el exterior del palacio municipal determinaron tambi\u00e9n privar de la libertad a otros integrantes del Cabildo, entre ellos el regidor de Obras, Ismael Playas Ramos; el tesorero Luis Alberto Alcazar Chac\u00f3n y la secretaria municipal F\u00e1tima Mariscal Sandoval.<\/p>\n\n\n\n<p>Presuntamente el grupo de pobladores que tom\u00f3 la medida es encabezado por Rigoberto G\u00f3mez Vigil, quien, de acuerdo con versiones por parte del ayuntamiento, \u00fanicamente pretenden lograr prebendas.<\/p>\n\n\n\n<p>La retenci\u00f3n ocurri\u00f3 cerca de las 23:00 horas cuando los irritados habitantes de Cuicatl\u00e1n llegaron a expresar sus demandas, como la realizaci\u00f3n de obras, pero al no hallar respuesta, decidieron encarcelar a la presidenta municipal.<\/p>\n\n\n\n<p>Cabe recordar que esta es la segunda ocasi\u00f3n en que privan de su libertad a la alcaldesa, del Partido Revolucionario Institucional.<\/p>\n\n\n\n<p>Fue a mediados de abril pasado en que fue retenida, ante la falta del servicio de agua potable en el paraje \u201cCacahuatal\u201d.<\/p>\n\n\n\n<figure class=\"wp-block-embed is-type-rich is-provider-twitter wp-block-embed-twitter\"><div class=\"wp-block-embed__wrapper\">\n<div class=\"twitter-tweet\"><blockquote class=\"twitter-tweet\" data-lang=\"es\"><p lang=\"es\" dir=\"ltr\">Acusada por los habitantes de presunto desv\u00edo de recursos, enriquecimiento il\u00edcito y nulas obras, la presidenta municipal de San Juan Bautista Cuicatl\u00e1n, Oaxaca, Maricel Mariscal Gayt\u00e1n, fue encarcelada desde anoche. <br><br>Video: Metr\u00f3poli. <a href=\"https:\/\/t.co\/m5Crsaq8q7\">pic.twitter.com\/m5Crsaq8q7<\/a><\/p>&mdash; Zona Roja Oaxaca (@ZonaRoja_Oaxaca) <a href=\"https:\/\/twitter.com\/ZonaRoja_Oaxaca\/status\/1813922936719302775?ref_src=twsrc%5Etfw\">18 de julio de 2024<\/a><\/blockquote><\/div>\n<\/div><\/figure>\n","protected":false},"excerpt":{"rendered":"<p>Ismael Garc\u00eda M.\/Zona Roja. Oaxaca de Ju\u00e1rez, Oax., a 18 de julio de 2024.- Acusa&hellip;<\/p>\n","protected":false},"author":2,"featured_media":70490,"comment_status":"closed","ping_status":"open","sticky":false,"template":"","format":"standard","meta":{"_lmt_disableupdate":"","_lmt_disable":"","_jetpack_memberships_contains_paid_content":false,"footnotes":""},"categories":[109,47],"tags":[4001,3304],"class_list":["post-70489","post","type-post","status-publish","format-standard","has-post-thumbnail","hentry","category-minuto-a-minuto","category-zona-gris","tag-maricel-mariscal-gaytan","tag-san-juan-bautista-cuicatlan"],"jetpack_featured_media_url":"https:\/\/zonaroja.com.mx\/wp-content\/uploads\/2024\/07\/Presidena-municipal-de-Cuicatlan.jpg","jetpack_sharing_enabled":true,"_links":{"self":[{"href":"https:\/\/zonaroja.com.mx\/index.php?rest_route=\/wp\/v2\/posts\/70489","targetHints":{"allow":["GET"]}}],"collection":[{"href":"https:\/\/zonaroja.com.mx\/index.php?rest_route=\/wp\/v2\/posts"}],"about":[{"href":"https:\/\/zonaroja.com.mx\/index.php?rest_route=\/wp\/v2\/types\/post"}],"author":[{"embeddable":true,"href":"https:\/\/zonaroja.com.mx\/index.php?rest_route=\/wp\/v2\/users\/2"}],"replies":[{"embeddable":true,"href":"https:\/\/zonaroja.com.mx\/index.php?rest_route=%2Fwp%2Fv2%2Fcomments&post=70489"}],"version-history":[{"count":1,"href":"https:\/\/zonaroja.com.mx\/index.php?rest_route=\/wp\/v2\/posts\/70489\/revisions"}],"predecessor-version":[{"id":70491,"href":"https:\/\/zonaroja.com.mx\/index.php?rest_route=\/wp\/v2\/posts\/70489\/revisions\/70491"}],"wp:featuredmedia":[{"embeddable":true,"href":"https:\/\/zonaroja.com.mx\/index.php?rest_route=\/wp\/v2\/media\/70490"}],"wp:attachment":[{"href":"https:\/\/zonaroja.com.mx\/index.php?rest_route=%2Fwp%2Fv2%2Fmedia&parent=70489"}],"wp:term":[{"taxonomy":"category","embeddable":true,"href":"https:\/\/zonaroja.com.mx\/index.php?rest_route=%2Fwp%2Fv2%2Fcategories&post=70489"},{"taxonomy":"post_tag","embeddable":true,"href":"https:\/\/zonaroja.com.mx\/index.php?rest_route=%2Fwp%2Fv2%2Ftags&post=70489"}],"curies":[{"name":"wp","href":"https:\/\/api.w.org\/{rel}","templated":true}]}}