{"id":70492,"date":"2024-07-18T12:00:00","date_gmt":"2024-07-18T18:00:00","guid":{"rendered":"https:\/\/zonaroja.com.mx\/?p=70492"},"modified":"2024-07-18T08:19:20","modified_gmt":"2024-07-18T14:19:20","slug":"capturan-a-el-escorpion-17%e2%80%b2-lider-del-cartel-del-golfo-en-matamoros","status":"publish","type":"post","link":"https:\/\/zonaroja.com.mx\/?p=70492","title":{"rendered":"Capturan a \u2018El Escorpi\u00f3n 17\u2032, l\u00edder del C\u00e1rtel del Golfo en Matamoros"},"content":{"rendered":"\n<p>Redacci\u00f3n\/Zona Roja Cdmx.<\/p>\n\n\n\n<p>Ciudad de M\u00e9xico, a 18 de julio de 2024.- La Secretar\u00eda de la Defensa Nacional (Sedena) confirm\u00f3 la detenci\u00f3n de Antonio Guadalupe P. D., alias \u201cEl Escorpi\u00f3n 17\u201d, l\u00edder de dos facciones del C\u00e1rtel del Golfo (CDG) en Matamoros, Tamaulipas.<\/p>\n\n\n\n<p>En un comunicado, la Sedena detall\u00f3 que personal de la Fuerza Especial de Reacci\u00f3n e Intervenci\u00f3n (FERI) de la Guardia Nacional (G.N.), en coordinaci\u00f3n con la Fiscal\u00eda General de la Rep\u00fablica (FGR), realizaron la detenci\u00f3n de Antonio Guadalupe \u201cN\u201d en la Ciudad Madero, Tamaulipas, el martes 16 de julio.<\/p>\n\n\n\n<p>\u201cUn equipo t\u00e1ctico de la Fuerza Especial de Reacci\u00f3n e Intervenci\u00f3n de la G.N., en apoyo a la Fiscal\u00eda Especializada en Materia de Delincuencia Organizada (FEMDO) y Agencia de Investigaci\u00f3n Criminal (AIC), mediante trabajos de inteligencia y actividades de campo, en playa Miramar \u2014Ciudad Madero\u2014, lograron localizar a Antonio Guadalupe \u2019N\u2019, quien formaba parte de la estructura delictiva del Cartel del Golfo, supuesto l\u00edder de dicha organizaci\u00f3n criminal con presencia en Matamoros, Tamaulipas, quien contaba con una orden de aprehensi\u00f3n otorgada por un juez federal\u201d, inform\u00f3 la Sedena.<\/p>\n\n\n\n<p>Tras su captura, \u201cEl Escorpi\u00f3n 17\u201d fue trasladado en una aeronave de la Guardia Nacional al Centro Federal de Readaptaci\u00f3n Social n\u00famero 1, mejor conocido como \u201cEl Altiplano\u201d, ubicado en el municipio de Almoloya de Ju\u00e1rez, Estado de M\u00e9xico, donde qued\u00f3 a disposici\u00f3n de las autoridades competentes quienes determinar\u00e1n su situaci\u00f3n jur\u00eddica.<\/p>\n\n\n\n<p>Las autoridades federales mencionaron que tras la detenci\u00f3n de P\u00e9rez Dom\u00ednguez, l\u00edder de las facciones de Los Ciclones y Grupo Escorpi\u00f3n, se ejecutaron otras \u201ccuatro \u00f3rdenes t\u00e9cnicas de investigaci\u00f3n en igual n\u00famero de inmuebles en Matamoros, Tamaulipas, donde han sido detenidas cuatro personas, armamento, municiones y equipo t\u00e1ctico\u201d.<\/p>\n\n\n\n<p>Las autoridades refieren que esta detenci\u00f3n \u201ccontribuye a la debilitaci\u00f3n de una organizaci\u00f3n criminal con presencia en el estado de Tamaulipas, limitando sus actividades financieras, tr\u00e1fico de indocumentados y drogas hacia Estados Unidos de Am\u00e9rica e introducci\u00f3n ilegal de armas de fuego a territorio nacional\u201d.<\/p>\n\n\n\n<p>De acuerdo con el diario \u201cLa Jornada\u201d, Antonio Guadalupe P\u00e9rez Dom\u00ednguez tambi\u00e9n es identificado como \u201cEl Apa\u201d y\/o Antonio Casanova, quien es acusado por los delitos de delincuencia organizada con finalidades de cometer delitos contra la salud, acopio y tr\u00e1fico de armas.<\/p>\n\n\n\n<p>El \u201cEscorpi\u00f3n 17\u201d habr\u00eda asumido el liderazgo de la organizaci\u00f3n, o de las dos facciones del C\u00e1rtel del Golfo, luego de la detenci\u00f3n de Jos\u00e9 Alberto Garc\u00eda Vilano, La Kena, en enero de este a\u00f1o en Monterrey, Nuevo Le\u00f3n.<\/p>\n\n\n\n<p>Seg\u00fan informaci\u00f3n del portal especializado en narcotr\u00e1fico InSight Crime, el C\u00e1rtel del Golfo es una organizaci\u00f3n criminal que cuenta con diversas facciones, entre ellas est\u00e1n \u201cEl Grupo Escorpi\u00f3n\u201d y \u201cLos Ciclones\u201d, \u00e9ste \u00faltimo vio su origen en Matamoros, sitio donde manten\u00edan su base de operaciones la menos hasta 2021. \u201c\u00b4Los Escorpiones\u2019 act\u00faan en connivencia&nbsp;con \u2018Los Ciclones\u00b4\u201d, se\u00f1ala Crime.<\/p>\n\n\n\n<p>\u201cLos Rojos\u201d, \u201cLos Metros\u201d y \u201cLas Panteras\u201d ser\u00edan las otras facciones del C\u00e1rtel del Golfo que mantienen presencia en otras partes del estado gobernado por el morenista Am\u00e9rico Villarreal Anaya.<\/p>\n\n\n\n<p>(Informaci\u00f3n de Infobae M\u00e9xico)<\/p>\n","protected":false},"excerpt":{"rendered":"<p>Redacci\u00f3n\/Zona Roja Cdmx. Ciudad de M\u00e9xico, a 18 de julio de 2024.- La Secretar\u00eda de&hellip;<\/p>\n","protected":false},"author":2,"featured_media":70493,"comment_status":"closed","ping_status":"open","sticky":false,"template":"","format":"standard","meta":{"_lmt_disableupdate":"","_lmt_disable":"","_jetpack_memberships_contains_paid_content":false,"footnotes":""},"categories":[109,47],"tags":[],"class_list":["post-70492","post","type-post","status-publish","format-standard","has-post-thumbnail","hentry","category-minuto-a-minuto","category-zona-gris"],"jetpack_featured_media_url":"https:\/\/zonaroja.com.mx\/wp-content\/uploads\/2024\/07\/detenido-escorpion-gn-tamaulipas.jpg","jetpack_sharing_enabled":true,"_links":{"self":[{"href":"https:\/\/zonaroja.com.mx\/index.php?rest_route=\/wp\/v2\/posts\/70492","targetHints":{"allow":["GET"]}}],"collection":[{"href":"https:\/\/zonaroja.com.mx\/index.php?rest_route=\/wp\/v2\/posts"}],"about":[{"href":"https:\/\/zonaroja.com.mx\/index.php?rest_route=\/wp\/v2\/types\/post"}],"author":[{"embeddable":true,"href":"https:\/\/zonaroja.com.mx\/index.php?rest_route=\/wp\/v2\/users\/2"}],"replies":[{"embeddable":true,"href":"https:\/\/zonaroja.com.mx\/index.php?rest_route=%2Fwp%2Fv2%2Fcomments&post=70492"}],"version-history":[{"count":1,"href":"https:\/\/zonaroja.com.mx\/index.php?rest_route=\/wp\/v2\/posts\/70492\/revisions"}],"predecessor-version":[{"id":70494,"href":"https:\/\/zonaroja.com.mx\/index.php?rest_route=\/wp\/v2\/posts\/70492\/revisions\/70494"}],"wp:featuredmedia":[{"embeddable":true,"href":"https:\/\/zonaroja.com.mx\/index.php?rest_route=\/wp\/v2\/media\/70493"}],"wp:attachment":[{"href":"https:\/\/zonaroja.com.mx\/index.php?rest_route=%2Fwp%2Fv2%2Fmedia&parent=70492"}],"wp:term":[{"taxonomy":"category","embeddable":true,"href":"https:\/\/zonaroja.com.mx\/index.php?rest_route=%2Fwp%2Fv2%2Fcategories&post=70492"},{"taxonomy":"post_tag","embeddable":true,"href":"https:\/\/zonaroja.com.mx\/index.php?rest_route=%2Fwp%2Fv2%2Ftags&post=70492"}],"curies":[{"name":"wp","href":"https:\/\/api.w.org\/{rel}","templated":true}]}}