{"id":70495,"date":"2024-07-18T08:22:12","date_gmt":"2024-07-18T14:22:12","guid":{"rendered":"https:\/\/zonaroja.com.mx\/?p=70495"},"modified":"2024-07-18T08:22:13","modified_gmt":"2024-07-18T14:22:13","slug":"atacan-a-balazos-a-periodista-de-caborca-sonora","status":"publish","type":"post","link":"https:\/\/zonaroja.com.mx\/?p=70495","title":{"rendered":"Atacan a balazos a periodista de Caborca, Sonora"},"content":{"rendered":"\n<p>Redacci\u00f3n\/Zona Roja Cdmx.<\/p>\n\n\n\n<p>Ciudad de M\u00e9xico, a 18 de julio de 2024.- El periodista&nbsp;Federico \u201cN\u201d, conocido como el \u201cG\u00fcero Hans\u201d, propietario de un espacio informativo en redes sociales, fue atacado a balazos, inform\u00f3 la Fiscal\u00eda General de Justicia del Estado de Sonora (FGJES).<\/p>\n\n\n\n<p>El hecho ocurri\u00f3 a las 17:30 horas de este mi\u00e9rcoles en Caborca, Sonora, dijo la FGE.<\/p>\n\n\n\n<p>\u201cLa v\u00edctima al encontrarse fuera de su domicilio y al estar abordando su veh\u00edculo particular, fue objeto de diversos disparos de arma de fuego, siendo estos de atr\u00e1s hacia adelante respecto a la posici\u00f3n de la v\u00edctima\u201d, se\u00f1ala en su red social la fiscal\u00eda.<\/p>\n\n\n\n<p>El \u201cG\u00fcero Hans\u201d fue trasladado por familiares a un hospital de urgencias donde se reporta estable de salud, con atenci\u00f3n m\u00e9dica y resguardo policial.<\/p>\n\n\n\n<p>El Ministerio P\u00fablico inici\u00f3 la carpeta de investigaci\u00f3n con la intervenci\u00f3n de la polic\u00eda investigadora y servicios periciales, a efecto de establecer el origen, autor\u00eda y circunstancias en que se cometieron los hechos.<\/p>\n\n\n\n<p>(Informaci\u00f3n del portal \u201cR\u00edoDoce\u201d)<\/p>\n","protected":false},"excerpt":{"rendered":"<p>Redacci\u00f3n\/Zona Roja Cdmx. Ciudad de M\u00e9xico, a 18 de julio de 2024.- El periodista&nbsp;Federico \u201cN\u201d,&hellip;<\/p>\n","protected":false},"author":2,"featured_media":70496,"comment_status":"closed","ping_status":"open","sticky":false,"template":"","format":"standard","meta":{"_lmt_disableupdate":"","_lmt_disable":"","_jetpack_memberships_contains_paid_content":false,"footnotes":""},"categories":[109,47],"tags":[3554],"class_list":["post-70495","post","type-post","status-publish","format-standard","has-post-thumbnail","hentry","category-minuto-a-minuto","category-zona-gris","tag-agresion-a-periodistas-en-mexico"],"jetpack_featured_media_url":"https:\/\/zonaroja.com.mx\/wp-content\/uploads\/2024\/07\/Periodista-Caborca-Sonora.jpg","jetpack_sharing_enabled":true,"_links":{"self":[{"href":"https:\/\/zonaroja.com.mx\/index.php?rest_route=\/wp\/v2\/posts\/70495","targetHints":{"allow":["GET"]}}],"collection":[{"href":"https:\/\/zonaroja.com.mx\/index.php?rest_route=\/wp\/v2\/posts"}],"about":[{"href":"https:\/\/zonaroja.com.mx\/index.php?rest_route=\/wp\/v2\/types\/post"}],"author":[{"embeddable":true,"href":"https:\/\/zonaroja.com.mx\/index.php?rest_route=\/wp\/v2\/users\/2"}],"replies":[{"embeddable":true,"href":"https:\/\/zonaroja.com.mx\/index.php?rest_route=%2Fwp%2Fv2%2Fcomments&post=70495"}],"version-history":[{"count":1,"href":"https:\/\/zonaroja.com.mx\/index.php?rest_route=\/wp\/v2\/posts\/70495\/revisions"}],"predecessor-version":[{"id":70497,"href":"https:\/\/zonaroja.com.mx\/index.php?rest_route=\/wp\/v2\/posts\/70495\/revisions\/70497"}],"wp:featuredmedia":[{"embeddable":true,"href":"https:\/\/zonaroja.com.mx\/index.php?rest_route=\/wp\/v2\/media\/70496"}],"wp:attachment":[{"href":"https:\/\/zonaroja.com.mx\/index.php?rest_route=%2Fwp%2Fv2%2Fmedia&parent=70495"}],"wp:term":[{"taxonomy":"category","embeddable":true,"href":"https:\/\/zonaroja.com.mx\/index.php?rest_route=%2Fwp%2Fv2%2Fcategories&post=70495"},{"taxonomy":"post_tag","embeddable":true,"href":"https:\/\/zonaroja.com.mx\/index.php?rest_route=%2Fwp%2Fv2%2Ftags&post=70495"}],"curies":[{"name":"wp","href":"https:\/\/api.w.org\/{rel}","templated":true}]}}