{"id":70498,"date":"2024-07-18T11:25:00","date_gmt":"2024-07-18T17:25:00","guid":{"rendered":"https:\/\/zonaroja.com.mx\/?p=70498"},"modified":"2024-07-18T08:33:14","modified_gmt":"2024-07-18T14:33:14","slug":"ante-fiestas-de-guelaguetza-refuerzan-labores-de-limpieza-en-oaxaca-capital","status":"publish","type":"post","link":"https:\/\/zonaroja.com.mx\/?p=70498","title":{"rendered":"Ante fiestas de Guelaguetza, refuerzan labores de limpieza en Oaxaca capital\u00a0"},"content":{"rendered":"\n<p>Redacci\u00f3n\/Zona Roja.<br>Oaxaca de Ju\u00e1rez, Oax., 18 de julio de 2024.- En respuesta a la temporada alta por Guelaguetza, el ayuntamiento de Oaxaca de Ju\u00e1rez ha intensificado sus operativos para reforzar los servicios municipales, asegurando as\u00ed un entorno seguro y agradable tanto para la ciudadan\u00eda local como para los turistas.<\/p>\n\n\n\n<p>La Secretar\u00eda de Medio Ambiente y Cambio Clim\u00e1tico, ha dictaminado la poda preventiva y de saneamiento de 48 \u00e1rboles en la denominada ruta Guelaguetza, que es la ruta que recorrer\u00e1n los convites y calendas durante estas fiestas. Estas acciones se centran en la eliminaci\u00f3n del mu\u00e9rdago, la liberaci\u00f3n de luminarias y la prevenci\u00f3n de riesgos relacionados con la temporada de lluvias.<\/p>\n\n\n\n<p>Esta actividad se realiza en coordinaci\u00f3n con el gobierno del estado de tal suerte que ambos \u00f3rdenes de gobierno contribuyan a recibir a los visitantes con una ciudad en las mejores condiciones dada la importante derrama econ\u00f3mica que se genera en esta temporada.<\/p>\n\n\n\n<p>Asimismo, la Secretar\u00eda de Servicios Municipales trabaja en la calidad de la iluminaci\u00f3n urbana, liberando luminarias obstruidas por \u00e1rboles, as\u00ed como el retiro de ramas secas. Con ello se mejora la visibilidad y la seguridad &nbsp;para peatones y automovilistas que transitan por la zona.<\/p>\n\n\n\n<p>Durante la temporada de la Guelaguetza, se ha reforzado la recolecci\u00f3n de residuos s\u00f3lidos urbanos para manejar el incremento de desechos en las calles, asegurando as\u00ed un ambiente limpio y ordenado.<\/p>\n\n\n\n<p>El presidente municipal Francisco Mart\u00ednez Neri invit\u00f3 tanto a locales como a turistas a ser amables con el medio ambiente y no tirar basura en la calle. El edil expres\u00f3 que en esta temporada incrementa la cantidad de residuos s\u00f3lidos en la ciudad y dijo: \u201cel gobierno municipal realiza un enorme esfuerzo por mantener limpia la ciudad, pero es una responsabilidad compartida, convocamos a todas y todos a mostrar nuestro amor por Oaxaca manteniendo el orden y la limpieza de este hermoso destino\u201c.<br>As\u00ed pues, estas acciones no solo mejoran la seguridad y la calidad del entorno urbano, sino que tambi\u00e9n contribuyen a tener una ciudad en condiciones dignas para todos y todas.&nbsp;<\/p>\n\n\n\n<p>El ayuntamiento capitalino reafirma su compromiso con la comunidad y el turismo, trabajando de manera proactiva para mantener a la capital segura, limpia y acogedora durante las fiestas de julio.<\/p>\n","protected":false},"excerpt":{"rendered":"<p>Redacci\u00f3n\/Zona Roja.Oaxaca de Ju\u00e1rez, Oax., 18 de julio de 2024.- En respuesta a la temporada&hellip;<\/p>\n","protected":false},"author":2,"featured_media":70499,"comment_status":"closed","ping_status":"open","sticky":false,"template":"","format":"standard","meta":{"_lmt_disableupdate":"","_lmt_disable":"","_jetpack_memberships_contains_paid_content":false,"footnotes":""},"categories":[109,46],"tags":[148],"class_list":["post-70498","post","type-post","status-publish","format-standard","has-post-thumbnail","hentry","category-minuto-a-minuto","category-zona-blanca","tag-oaxaca-de-juarez"],"jetpack_featured_media_url":"https:\/\/zonaroja.com.mx\/wp-content\/uploads\/2024\/07\/Limpieza-ciudad-de-Oaxaca.jpg","jetpack_sharing_enabled":true,"_links":{"self":[{"href":"https:\/\/zonaroja.com.mx\/index.php?rest_route=\/wp\/v2\/posts\/70498","targetHints":{"allow":["GET"]}}],"collection":[{"href":"https:\/\/zonaroja.com.mx\/index.php?rest_route=\/wp\/v2\/posts"}],"about":[{"href":"https:\/\/zonaroja.com.mx\/index.php?rest_route=\/wp\/v2\/types\/post"}],"author":[{"embeddable":true,"href":"https:\/\/zonaroja.com.mx\/index.php?rest_route=\/wp\/v2\/users\/2"}],"replies":[{"embeddable":true,"href":"https:\/\/zonaroja.com.mx\/index.php?rest_route=%2Fwp%2Fv2%2Fcomments&post=70498"}],"version-history":[{"count":1,"href":"https:\/\/zonaroja.com.mx\/index.php?rest_route=\/wp\/v2\/posts\/70498\/revisions"}],"predecessor-version":[{"id":70500,"href":"https:\/\/zonaroja.com.mx\/index.php?rest_route=\/wp\/v2\/posts\/70498\/revisions\/70500"}],"wp:featuredmedia":[{"embeddable":true,"href":"https:\/\/zonaroja.com.mx\/index.php?rest_route=\/wp\/v2\/media\/70499"}],"wp:attachment":[{"href":"https:\/\/zonaroja.com.mx\/index.php?rest_route=%2Fwp%2Fv2%2Fmedia&parent=70498"}],"wp:term":[{"taxonomy":"category","embeddable":true,"href":"https:\/\/zonaroja.com.mx\/index.php?rest_route=%2Fwp%2Fv2%2Fcategories&post=70498"},{"taxonomy":"post_tag","embeddable":true,"href":"https:\/\/zonaroja.com.mx\/index.php?rest_route=%2Fwp%2Fv2%2Ftags&post=70498"}],"curies":[{"name":"wp","href":"https:\/\/api.w.org\/{rel}","templated":true}]}}