{"id":7050,"date":"2019-12-27T21:14:20","date_gmt":"2019-12-28T03:14:20","guid":{"rendered":"http:\/\/www.zonaroja.com.mx\/?p=7050"},"modified":"2019-12-27T21:15:57","modified_gmt":"2019-12-28T03:15:57","slug":"acusan-al-ieepco-de-intentar-validar-eleccion-irregular-en-san-pedro-martir","status":"publish","type":"post","link":"https:\/\/zonaroja.com.mx\/?p=7050","title":{"rendered":"Acusan al IEEPCO de intentar validar elecci\u00f3n irregular en San Pedro M\u00e1rtir"},"content":{"rendered":"\n<p>Redacci\u00f3n\/Zona Roja.<\/p>\n\n\n\n<p>Oaxaca de Ju\u00e1rez, Oax., 27 de diciembre\nde 2019.- Autoridades municipales actuales de San Pedro M\u00e1rtir en contubernio\ncon la directora de Sistemas Normativos Ind\u00edgenas del Instituto Estatal\nElectoral y de Participaci\u00f3n Ciudadana de Oaxaca, Beatriz Casas Arellanes,\npretenden validar una elecci\u00f3n irregular de concejales.<\/p>\n\n\n\n<p>As\u00ed lo denunciaron habitantes de dicha\nlocalidad del distrito de Ocotl\u00e1n, Oaxaca, durante una protesta y conferencia\nde prensa frente al Palacio de Gobierno.<\/p>\n\n\n\n<p>De acuerdo con uno de los inconformes,\nel 13 de octubre pasado se efectu\u00f3 la elecci\u00f3n mediante asamblea de sus\nautoridades municipales, misma que gan\u00f3 Adalberto L\u00f3pez L\u00f3pez y fue validada\npor personal del Instituto Estatal Electoral.<\/p>\n\n\n\n<p>Sin embargo, el actual edil Jos\u00e9 Luis\nPadilla maniobr\u00f3 y convenci\u00f3 al Instituto para desestimar dicho proceso y\nconvocar a otra asamblea, el 20 de octubre, en que un grupo minoritario eligi\u00f3\na Alberto Padilla Mart\u00ednez.<\/p>\n\n\n\n<p>\u201cMe ofrecieron 200 pesos y me pidieron\nmi credencial de elector para votar, mi inconformidad es con ellos porque acaso\nest\u00e1n vendiendo el puesto. Ya es demasiado, ya se va el a\u00f1o y no tenemos qui\u00e9n\nva a quedar de presidente; esas personas todav\u00eda andan juntado firmas,\nofreciendo dinero\u201d, se\u00f1al\u00f3 una de las inconformes.<\/p>\n\n\n\n<p>Demandaron que el IEEPCO respete los\nderechos ind\u00edgenas de las comunidades en la determinaci\u00f3n que tomaron el pasado\n13 de octubre y valide dicha elecci\u00f3n, en su caso mantendr\u00e1n su protesta. <\/p>\n","protected":false},"excerpt":{"rendered":"<p>Redacci\u00f3n\/Zona Roja. Oaxaca de Ju\u00e1rez, Oax., 27 de diciembre de 2019.- Autoridades municipales actuales de&hellip;<\/p>\n","protected":false},"author":2,"featured_media":7051,"comment_status":"closed","ping_status":"open","sticky":false,"template":"","format":"standard","meta":{"_lmt_disableupdate":"","_lmt_disable":"","_jetpack_memberships_contains_paid_content":false,"footnotes":""},"categories":[109,47],"tags":[1189],"class_list":["post-7050","post","type-post","status-publish","format-standard","has-post-thumbnail","hentry","category-minuto-a-minuto","category-zona-gris","tag-san-pedro-martir"],"jetpack_featured_media_url":"https:\/\/zonaroja.com.mx\/wp-content\/uploads\/2019\/12\/San-Pedro-M\u00e1rtir.jpg","jetpack_sharing_enabled":true,"_links":{"self":[{"href":"https:\/\/zonaroja.com.mx\/index.php?rest_route=\/wp\/v2\/posts\/7050","targetHints":{"allow":["GET"]}}],"collection":[{"href":"https:\/\/zonaroja.com.mx\/index.php?rest_route=\/wp\/v2\/posts"}],"about":[{"href":"https:\/\/zonaroja.com.mx\/index.php?rest_route=\/wp\/v2\/types\/post"}],"author":[{"embeddable":true,"href":"https:\/\/zonaroja.com.mx\/index.php?rest_route=\/wp\/v2\/users\/2"}],"replies":[{"embeddable":true,"href":"https:\/\/zonaroja.com.mx\/index.php?rest_route=%2Fwp%2Fv2%2Fcomments&post=7050"}],"version-history":[{"count":1,"href":"https:\/\/zonaroja.com.mx\/index.php?rest_route=\/wp\/v2\/posts\/7050\/revisions"}],"predecessor-version":[{"id":7052,"href":"https:\/\/zonaroja.com.mx\/index.php?rest_route=\/wp\/v2\/posts\/7050\/revisions\/7052"}],"wp:featuredmedia":[{"embeddable":true,"href":"https:\/\/zonaroja.com.mx\/index.php?rest_route=\/wp\/v2\/media\/7051"}],"wp:attachment":[{"href":"https:\/\/zonaroja.com.mx\/index.php?rest_route=%2Fwp%2Fv2%2Fmedia&parent=7050"}],"wp:term":[{"taxonomy":"category","embeddable":true,"href":"https:\/\/zonaroja.com.mx\/index.php?rest_route=%2Fwp%2Fv2%2Fcategories&post=7050"},{"taxonomy":"post_tag","embeddable":true,"href":"https:\/\/zonaroja.com.mx\/index.php?rest_route=%2Fwp%2Fv2%2Ftags&post=7050"}],"curies":[{"name":"wp","href":"https:\/\/api.w.org\/{rel}","templated":true}]}}