{"id":70506,"date":"2024-07-18T11:21:19","date_gmt":"2024-07-18T17:21:19","guid":{"rendered":"https:\/\/zonaroja.com.mx\/?p=70506"},"modified":"2024-07-18T11:21:19","modified_gmt":"2024-07-18T17:21:19","slug":"ejecutan-y-calcinan-a-tres-personas-en-oaxaca-entre-ellas-dos-mujeres","status":"publish","type":"post","link":"https:\/\/zonaroja.com.mx\/?p=70506","title":{"rendered":"Ejecutan y calcinan a tres personas en Oaxaca, entre ellas dos mujeres"},"content":{"rendered":"\n<p>Ismael Garc\u00eda\/Zona Roja.<\/p>\n\n\n\n<p>Oaxaca de Ju\u00e1rez, Oax., a 18 de julio de 2024.- Est\u00e1 madrugada en Oaxaca, dos mujeres y un var\u00f3n fueron ejecutados a balazos y luego calcinados en el interior de una camioneta.&nbsp;<\/p>\n\n\n\n<p>Los hechos ocurrieron en la carretera federal 131 Oaxaca-Puerto Escondido, a la altura del kil\u00f3metro 51, entre San Andr\u00e9s Zabache y paraje \u201cEl Vado\u201d.<\/p>\n\n\n\n<p>Las v\u00edctimas fueron identificados como Lorenzo \u201cN\u201d, Marcela \u201cN\u201d y Guadalupe \u201cN\u201d, originarios del municipio de Santiago a Amoltepec.<\/p>\n\n\n\n<p>La unidad de motor es una camioneta marca Toyota, tipo Hilux, con placas de circulaci\u00f3n RT-1047A y en el exterior se hallaron varios cartuchos percutidos, al parecer de arma de grueso calibre.&nbsp;<\/p>\n\n\n\n<p>La Fiscal\u00eda General del Estado de Oaxaca inici\u00f3 las diligencias correspondientes.&nbsp;<\/p>\n\n\n\n<p>M\u00c1S CASOS<\/p>\n\n\n\n<p>Por otra parte, en Santiago Jamiltepec ayer por la tarde fueron asesinadas dos personas del sexo masculino.&nbsp;<\/p>\n\n\n\n<p>Las v\u00edctimas fueron identificadas como Raymundo T. L. y Alejandro T. H.<\/p>\n\n\n\n<p>Otra persona fue ultimada tambi\u00e9n en San Pedro Pochutla; una m\u00e1s en Vicente Camalote, agencia de Acatl\u00e1n de P\u00e9rez Figueroa y el occiso respondi\u00f3 en vida al nombre de Antonio M. L., de 28 a\u00f1os de edad<\/p>\n\n\n\n<p>Otros cr\u00edmenes que ocurrieron ayer fueron tres en Puerto Escondido, dos en Juchit\u00e1n de Zaragoza, uno en Salina Cruz y uno m\u00e1s en carretera a San Luis Amatl\u00e1n. &nbsp;<\/p>\n","protected":false},"excerpt":{"rendered":"<p>Ismael Garc\u00eda\/Zona Roja. Oaxaca de Ju\u00e1rez, Oax., a 18 de julio de 2024.- Est\u00e1 madrugada&hellip;<\/p>\n","protected":false},"author":2,"featured_media":70505,"comment_status":"closed","ping_status":"open","sticky":false,"template":"","format":"standard","meta":{"_lmt_disableupdate":"","_lmt_disable":"","_jetpack_memberships_contains_paid_content":false,"footnotes":""},"categories":[109,51],"tags":[],"class_list":["post-70506","post","type-post","status-publish","format-standard","has-post-thumbnail","hentry","category-minuto-a-minuto","category-zona-roja"],"jetpack_featured_media_url":"https:\/\/zonaroja.com.mx\/wp-content\/uploads\/2024\/07\/img_0321-1.jpg","jetpack_sharing_enabled":true,"_links":{"self":[{"href":"https:\/\/zonaroja.com.mx\/index.php?rest_route=\/wp\/v2\/posts\/70506","targetHints":{"allow":["GET"]}}],"collection":[{"href":"https:\/\/zonaroja.com.mx\/index.php?rest_route=\/wp\/v2\/posts"}],"about":[{"href":"https:\/\/zonaroja.com.mx\/index.php?rest_route=\/wp\/v2\/types\/post"}],"author":[{"embeddable":true,"href":"https:\/\/zonaroja.com.mx\/index.php?rest_route=\/wp\/v2\/users\/2"}],"replies":[{"embeddable":true,"href":"https:\/\/zonaroja.com.mx\/index.php?rest_route=%2Fwp%2Fv2%2Fcomments&post=70506"}],"version-history":[{"count":1,"href":"https:\/\/zonaroja.com.mx\/index.php?rest_route=\/wp\/v2\/posts\/70506\/revisions"}],"predecessor-version":[{"id":70507,"href":"https:\/\/zonaroja.com.mx\/index.php?rest_route=\/wp\/v2\/posts\/70506\/revisions\/70507"}],"wp:featuredmedia":[{"embeddable":true,"href":"https:\/\/zonaroja.com.mx\/index.php?rest_route=\/wp\/v2\/media\/70505"}],"wp:attachment":[{"href":"https:\/\/zonaroja.com.mx\/index.php?rest_route=%2Fwp%2Fv2%2Fmedia&parent=70506"}],"wp:term":[{"taxonomy":"category","embeddable":true,"href":"https:\/\/zonaroja.com.mx\/index.php?rest_route=%2Fwp%2Fv2%2Fcategories&post=70506"},{"taxonomy":"post_tag","embeddable":true,"href":"https:\/\/zonaroja.com.mx\/index.php?rest_route=%2Fwp%2Fv2%2Ftags&post=70506"}],"curies":[{"name":"wp","href":"https:\/\/api.w.org\/{rel}","templated":true}]}}