{"id":70508,"date":"2024-07-18T20:15:13","date_gmt":"2024-07-19T02:15:13","guid":{"rendered":"https:\/\/zonaroja.com.mx\/?p=70508"},"modified":"2024-07-18T20:15:15","modified_gmt":"2024-07-19T02:15:15","slug":"matan-a-una-extranjera-en-el-istmo-suman-tres-asesinadas-este-jueves","status":"publish","type":"post","link":"https:\/\/zonaroja.com.mx\/?p=70508","title":{"rendered":"Matan a una extranjera en el Istmo; suman tres asesinadas este jueves"},"content":{"rendered":"\n<p>Ismael Garc\u00eda M.\/Zona Roja.<\/p>\n\n\n\n<p>Oaxaca de Ju\u00e1rez, Oax., a 18 de julio de 2024.- Una mujer fallecida y otra m\u00e1s lesionada es el saldo de un presunto enfrentamiento ocurrido en Santo Domingo Tehuantepec, en la regi\u00f3n del Istmo.<\/p>\n\n\n\n<p>Con ello suman tres cr\u00edmenes de femeninas registrados este jueves en Oaxaca, dos de ellos de madre e hija en un ataque armado y posterior calcinaci\u00f3n, en la regi\u00f3n de Valles Centrales.<\/p>\n\n\n\n<p>Fue durante un presunto asalto a un domicilio, a la entrada de la colonia El Jordan de Tehuantepec, en que fue ultimada a balazos una mujer, al parecer de origen extranjero, junto con su compa\u00f1era; un individuo m\u00e1s habr\u00eda logrado huir.<\/p>\n\n\n\n<p>Al parecer pretend\u00edan robar una unidad de motor pero fueron descubiertos por los habitantes del domicilio, quienes probablemente les habr\u00eda disparado.<\/p>\n\n\n\n<p>El caso ya es investigado por la Vicefiscal\u00eda Regional del Istmo, dependiente de la Fiscal\u00eda General del Estado, con la finalidad de deslindar responsabilidades.<\/p>\n\n\n\n<p>Como se inform\u00f3, la madrugada de hoy fuero atacados a balazos los ocupantes de una camioneta en la carretera federal 131 a la Costa, en jurisdicci\u00f3n de Ejutla de Crespo; en el interior se hallaron calcinados tres cuerpos, entre ellos los de dos mujeres, madre e hija.&nbsp;<\/p>\n\n\n\n<p>Tambi\u00e9n en este caso la Fiscal\u00eda General del Estado inform\u00f3 que ya indaga el caso.<\/p>\n","protected":false},"excerpt":{"rendered":"<p>Ismael Garc\u00eda M.\/Zona Roja. Oaxaca de Ju\u00e1rez, Oax., a 18 de julio de 2024.- Una&hellip;<\/p>\n","protected":false},"author":2,"featured_media":70509,"comment_status":"closed","ping_status":"open","sticky":false,"template":"","format":"standard","meta":{"_lmt_disableupdate":"","_lmt_disable":"","_jetpack_memberships_contains_paid_content":false,"footnotes":""},"categories":[109,51],"tags":[125],"class_list":["post-70508","post","type-post","status-publish","format-standard","has-post-thumbnail","hentry","category-minuto-a-minuto","category-zona-roja","tag-santo-domingo-tehuantepec"],"jetpack_featured_media_url":"https:\/\/zonaroja.com.mx\/wp-content\/uploads\/2024\/07\/Asesinato-en-Tehuantepec-extranjera.jpg","jetpack_sharing_enabled":true,"_links":{"self":[{"href":"https:\/\/zonaroja.com.mx\/index.php?rest_route=\/wp\/v2\/posts\/70508","targetHints":{"allow":["GET"]}}],"collection":[{"href":"https:\/\/zonaroja.com.mx\/index.php?rest_route=\/wp\/v2\/posts"}],"about":[{"href":"https:\/\/zonaroja.com.mx\/index.php?rest_route=\/wp\/v2\/types\/post"}],"author":[{"embeddable":true,"href":"https:\/\/zonaroja.com.mx\/index.php?rest_route=\/wp\/v2\/users\/2"}],"replies":[{"embeddable":true,"href":"https:\/\/zonaroja.com.mx\/index.php?rest_route=%2Fwp%2Fv2%2Fcomments&post=70508"}],"version-history":[{"count":1,"href":"https:\/\/zonaroja.com.mx\/index.php?rest_route=\/wp\/v2\/posts\/70508\/revisions"}],"predecessor-version":[{"id":70510,"href":"https:\/\/zonaroja.com.mx\/index.php?rest_route=\/wp\/v2\/posts\/70508\/revisions\/70510"}],"wp:featuredmedia":[{"embeddable":true,"href":"https:\/\/zonaroja.com.mx\/index.php?rest_route=\/wp\/v2\/media\/70509"}],"wp:attachment":[{"href":"https:\/\/zonaroja.com.mx\/index.php?rest_route=%2Fwp%2Fv2%2Fmedia&parent=70508"}],"wp:term":[{"taxonomy":"category","embeddable":true,"href":"https:\/\/zonaroja.com.mx\/index.php?rest_route=%2Fwp%2Fv2%2Fcategories&post=70508"},{"taxonomy":"post_tag","embeddable":true,"href":"https:\/\/zonaroja.com.mx\/index.php?rest_route=%2Fwp%2Fv2%2Ftags&post=70508"}],"curies":[{"name":"wp","href":"https:\/\/api.w.org\/{rel}","templated":true}]}}