{"id":70511,"date":"2024-07-18T21:21:04","date_gmt":"2024-07-19T03:21:04","guid":{"rendered":"https:\/\/zonaroja.com.mx\/?p=70511"},"modified":"2024-07-18T21:21:07","modified_gmt":"2024-07-19T03:21:07","slug":"era-defensor-de-derechos-en-amoltepec-el-calcinado-con-su-esposa-e-hija","status":"publish","type":"post","link":"https:\/\/zonaroja.com.mx\/?p=70511","title":{"rendered":"Era defensor de derechos en Amoltepec, el calcinado con su esposa e hija"},"content":{"rendered":"\n<p>Ismael Garc\u00eda M.\/Zona Roja.<\/p>\n\n\n\n<p>Oaxaca de Ju\u00e1rez, Oax., a 18 de julio de 2024.- Como Lorenzo Santos Torres, defensor de derechos humanos comunitario en la regi\u00f3n de la Sierra Sur; su esposa Marcela G. C. y su hija Mar\u00eda Guadalupe S. G., originarias de Santiago Amoltepec, fueron identificadas las personas ejecutadas y calcinadas este jueves en Oaxaca.<\/p>\n\n\n\n<p>El Centro de Derechos Humanos y Asesor\u00eda a Pueblos Ind\u00edgenas (Cedhapi) y Jorge Luis Santos Gir\u00f3n, hijo de la v\u00edctima, confirmaron las identidades y exigieron a las autoridades indagar a la brevedad el caso para aplicar justicia.<\/p>\n\n\n\n<p>Fue alrededor de las 02:00 horas de hoy en que quienes viajaban a bordo de una camioneta marca Toyota, tipo pickup con placas RT-1047A y modelo 2016, fueron atacados a balaos sobre la carretera federal 131 Oaxaca-Puerto Escondido, a la altura del kil\u00f3metro 51 de la comunidad de San Andr\u00e9s Zabache, Ejutla.<\/p>\n\n\n\n<p>De acuerdo con Cedhapi, Lorenzo era un defensor de derechos humanos comunitario que a defendido los derechos civiles, pol\u00edticos, tierra y territorio en la regi\u00f3n de la sierra sur del estado de Oaxaca.<\/p>\n\n\n\n<p>Por lo cual en el a\u00f1o 2013 la Comisi\u00f3n Interamericana de Derechos Humanos le otorgo la medida cautelar MC-338-13 a \u00e9l y a su familia mismas medidas que ya no se encuentran vigentes.&nbsp;<\/p>\n\n\n\n<p>De igual manera, ocup\u00f3 varios cargos como en el a\u00f1o 2010, en que fue alcalde municipal del ayuntamiento de Santiago Amoltepec y en el a\u00f1o 2020 fue agente municipal del Centro de Santiago Amoltepec. Adem\u00e1s, se opon\u00eda en contra de las injusticias cometidas por autoridades municipales.<\/p>\n\n\n\n<p>La asociaci\u00f3n civil rese\u00f1a que el d\u00eda 10 de Septiembre de 2013, a las 21:00 horas, fue asesinado el ni\u00f1o Jonat\u00e1n S. G., de tan solo 10 a\u00f1os de edad, hijo del defensor comunitario Lorenzo Santos Torres, en el momento en que se encontraba jugando en la azotea en su domicilio en Santiago Amoltepec, de un disparo en la cabeza.<\/p>\n\n\n\n<p>El domicilio donde ocurri\u00f3 el asesinato, el cual se encuentra en el centro de la poblaci\u00f3n de Santiago Amoltepec, se encontraba a unos metros la comandancia municipal.<\/p>\n\n\n\n<p>Tambi\u00e9n fue amenazado de muerte en reiteradas veces y encarcelado por oponerse al cacicazgo regional que encabezaba el presidente municipal del a\u00f1o 2013 de Santiago Amoltepec, Pedro Luis Jim\u00e9nez Hern\u00e1ndez, quien actualmente se encuentra preso.<\/p>\n\n\n\n<p>El 31 de octubre del 2013, aproximadamente a las seis de la ma\u00f1ana, el defensor comunitario de derechos humanos se encontraba en la banqueta de su tienda poniendo un puesto de frutas y verduras, en el centro de Amoltepec, cuando fue atacado por unos sujetos efectu\u00e1ndole varios disparos de arma de fuego hiri\u00e9ndolo de gravedad en el abdomen.<\/p>\n\n\n\n<p>El 2 de enero del&nbsp;2014, aproximadamente a las 10:00 de la ma\u00f1ana, fue detenido el ex presidente municipal de Santiago Amoltepec,&nbsp;Pedro Luis&nbsp;Jim\u00e9nez,&nbsp;en el&nbsp;aeropuerto de la ciudad de Oaxaca, por elementos de&nbsp;la Agencia&nbsp;Estatal de Investigaciones, en&nbsp;cumplimiento a la orden de aprensi\u00f3n librada por el Juez de Garant\u00edas de la Ciudad de Tlaxiaco, por&nbsp;el delito de Tentativa de Homicidio en perjuicio de Lorenzo&nbsp;Santos Torres.<\/p>\n\n\n\n<p>Ante ello, el Cedhapi y la familia de las v\u00edctimas exigen se investigue y sancionen a los responsable de este hecho delictuoso.&nbsp;<\/p>\n","protected":false},"excerpt":{"rendered":"<p>Ismael Garc\u00eda M.\/Zona Roja. Oaxaca de Ju\u00e1rez, Oax., a 18 de julio de 2024.- Como&hellip;<\/p>\n","protected":false},"author":2,"featured_media":70513,"comment_status":"closed","ping_status":"open","sticky":false,"template":"","format":"standard","meta":{"_lmt_disableupdate":"","_lmt_disable":"","_jetpack_memberships_contains_paid_content":false,"footnotes":""},"categories":[109,51],"tags":[860],"class_list":["post-70511","post","type-post","status-publish","format-standard","has-post-thumbnail","hentry","category-minuto-a-minuto","category-zona-roja","tag-santiago-amoltepec"],"jetpack_featured_media_url":"https:\/\/zonaroja.com.mx\/wp-content\/uploads\/2024\/07\/Lorenzo-Santos-Torres-Marcela-Giron-Castro-y-Ma.-Guadalupe-Santos-Giron-calcinados-Amoltepe.jpeg","jetpack_sharing_enabled":true,"_links":{"self":[{"href":"https:\/\/zonaroja.com.mx\/index.php?rest_route=\/wp\/v2\/posts\/70511","targetHints":{"allow":["GET"]}}],"collection":[{"href":"https:\/\/zonaroja.com.mx\/index.php?rest_route=\/wp\/v2\/posts"}],"about":[{"href":"https:\/\/zonaroja.com.mx\/index.php?rest_route=\/wp\/v2\/types\/post"}],"author":[{"embeddable":true,"href":"https:\/\/zonaroja.com.mx\/index.php?rest_route=\/wp\/v2\/users\/2"}],"replies":[{"embeddable":true,"href":"https:\/\/zonaroja.com.mx\/index.php?rest_route=%2Fwp%2Fv2%2Fcomments&post=70511"}],"version-history":[{"count":1,"href":"https:\/\/zonaroja.com.mx\/index.php?rest_route=\/wp\/v2\/posts\/70511\/revisions"}],"predecessor-version":[{"id":70514,"href":"https:\/\/zonaroja.com.mx\/index.php?rest_route=\/wp\/v2\/posts\/70511\/revisions\/70514"}],"wp:featuredmedia":[{"embeddable":true,"href":"https:\/\/zonaroja.com.mx\/index.php?rest_route=\/wp\/v2\/media\/70513"}],"wp:attachment":[{"href":"https:\/\/zonaroja.com.mx\/index.php?rest_route=%2Fwp%2Fv2%2Fmedia&parent=70511"}],"wp:term":[{"taxonomy":"category","embeddable":true,"href":"https:\/\/zonaroja.com.mx\/index.php?rest_route=%2Fwp%2Fv2%2Fcategories&post=70511"},{"taxonomy":"post_tag","embeddable":true,"href":"https:\/\/zonaroja.com.mx\/index.php?rest_route=%2Fwp%2Fv2%2Ftags&post=70511"}],"curies":[{"name":"wp","href":"https:\/\/api.w.org\/{rel}","templated":true}]}}