{"id":70518,"date":"2024-07-19T07:22:34","date_gmt":"2024-07-19T13:22:34","guid":{"rendered":"https:\/\/zonaroja.com.mx\/?p=70518"},"modified":"2024-07-19T07:22:36","modified_gmt":"2024-07-19T13:22:36","slug":"asesinan-a-balazos-a-individuo-en-tlacolula-oaxaca","status":"publish","type":"post","link":"https:\/\/zonaroja.com.mx\/?p=70518","title":{"rendered":"Asesinan a balazos a individuo en Tlacolula, Oaxaca."},"content":{"rendered":"\n<p>Raymundo Morales\/Zona Roja.<\/p>\n\n\n\n<p>Oaxaca de Ju\u00e1rez, Oax., a 19 de julio de 2024.- Una persona del sexo masculino fue asesinada anoche en la calle principal de acceso de Tlacolula de Matamoros, municipio de la regi\u00f3n Valles Centrales de Oaxaca.<\/p>\n\n\n\n<p>Con ello suman cinco los cr\u00edmenes registrados durante este jueves, entre ellos de tres mujeres; en un caso, tres personas fueron calcinadas tras ser ejecutadas.<\/p>\n\n\n\n<p>Anoche alrededor de las 22:00 horas, en la avenida Ju\u00e1rez de Tlacolula, sujetos armados dispararon en contra de un individuo \u2014hasta esta ma\u00f1ana a\u00fan no identificado legalmente\u2014.<\/p>\n\n\n\n<p>Pese a que escasas cuadras se encuentra el palacio municipal y la comandancia de la polic\u00eda local, as\u00ed como un sitio de taxis colectivos, no hubo ninguna persona detenida por este ataque.<\/p>\n\n\n\n<p>Param\u00e9dicos de la Cruz Roja arribaron al sitio para brindar los primeros auxilios, pero corroboraron que ya no contaba con signos vitales.<\/p>\n\n\n\n<p>Tras ello, personal de la Fiscal\u00eda General del Estado de Oaxaca inici\u00f3 las indagatorias correspondientes, con la finalidad de esclarecer el caso y procurar justicia.<\/p>\n\n\n\n<p>Ayer en la madrugada, en el kil\u00f3metro 51 de la carretera federal 131 Oaxaca-Puerto Escondido, en jurisdicci\u00f3n de Ejutla de Crespo, fue incendiada una camioneta; en el interior fueron hallados los cuerpos de tres personas, entre ellas dos mujeres, originarias de Santiago Amoltepec, quienes primero fueron asesinadas a balazos y luego calcinadas.<\/p>\n\n\n\n<p>Mientras que en la colonia El Jord\u00e1n de Santo Domingo Tehuantepec una mujer extranjera result\u00f3 muerta y otra m\u00e1s lesionada, tras un intento de asalto. <\/p>\n","protected":false},"excerpt":{"rendered":"<p>Raymundo Morales\/Zona Roja. Oaxaca de Ju\u00e1rez, Oax., a 19 de julio de 2024.- Una persona&hellip;<\/p>\n","protected":false},"author":2,"featured_media":70523,"comment_status":"closed","ping_status":"open","sticky":false,"template":"","format":"standard","meta":{"_lmt_disableupdate":"","_lmt_disable":"","_jetpack_memberships_contains_paid_content":false,"footnotes":""},"categories":[109,51],"tags":[127],"class_list":["post-70518","post","type-post","status-publish","format-standard","has-post-thumbnail","hentry","category-minuto-a-minuto","category-zona-roja","tag-tlacolula-de-matamoros"],"jetpack_featured_media_url":"https:\/\/zonaroja.com.mx\/wp-content\/uploads\/2024\/07\/Ejecutado-Tlacolula-de-Matamoros.jpeg","jetpack_sharing_enabled":true,"_links":{"self":[{"href":"https:\/\/zonaroja.com.mx\/index.php?rest_route=\/wp\/v2\/posts\/70518","targetHints":{"allow":["GET"]}}],"collection":[{"href":"https:\/\/zonaroja.com.mx\/index.php?rest_route=\/wp\/v2\/posts"}],"about":[{"href":"https:\/\/zonaroja.com.mx\/index.php?rest_route=\/wp\/v2\/types\/post"}],"author":[{"embeddable":true,"href":"https:\/\/zonaroja.com.mx\/index.php?rest_route=\/wp\/v2\/users\/2"}],"replies":[{"embeddable":true,"href":"https:\/\/zonaroja.com.mx\/index.php?rest_route=%2Fwp%2Fv2%2Fcomments&post=70518"}],"version-history":[{"count":1,"href":"https:\/\/zonaroja.com.mx\/index.php?rest_route=\/wp\/v2\/posts\/70518\/revisions"}],"predecessor-version":[{"id":70524,"href":"https:\/\/zonaroja.com.mx\/index.php?rest_route=\/wp\/v2\/posts\/70518\/revisions\/70524"}],"wp:featuredmedia":[{"embeddable":true,"href":"https:\/\/zonaroja.com.mx\/index.php?rest_route=\/wp\/v2\/media\/70523"}],"wp:attachment":[{"href":"https:\/\/zonaroja.com.mx\/index.php?rest_route=%2Fwp%2Fv2%2Fmedia&parent=70518"}],"wp:term":[{"taxonomy":"category","embeddable":true,"href":"https:\/\/zonaroja.com.mx\/index.php?rest_route=%2Fwp%2Fv2%2Fcategories&post=70518"},{"taxonomy":"post_tag","embeddable":true,"href":"https:\/\/zonaroja.com.mx\/index.php?rest_route=%2Fwp%2Fv2%2Ftags&post=70518"}],"curies":[{"name":"wp","href":"https:\/\/api.w.org\/{rel}","templated":true}]}}