{"id":70528,"date":"2024-07-19T12:30:00","date_gmt":"2024-07-19T18:30:00","guid":{"rendered":"https:\/\/zonaroja.com.mx\/?p=70528"},"modified":"2024-07-19T08:13:33","modified_gmt":"2024-07-19T14:13:33","slug":"ungen-candidato-a-trump-insisten-en-que-biden-abandone-campana","status":"publish","type":"post","link":"https:\/\/zonaroja.com.mx\/?p=70528","title":{"rendered":"Ungen candidato a Trump; insisten en que Biden abandone campa\u00f1a"},"content":{"rendered":"\n<p>Redacci\u00f3n\/Zona Roja Cdmx.<\/p>\n\n\n\n<p>Ciudad de M\u00e9xico, a 19 de julio de 2024.-&nbsp; L\u00edderes del Partido Dem\u00f3crata est\u00e1n intensificando sus esfuerzos con el fin de que Joe Biden abandone su campa\u00f1a de reelecci\u00f3n y ceda la candidatura para que se seleccione alguien que tendr\u00eda m\u00e1s posibilidades de derrotar a Donald Trump, reportan los principales medios estadunidenses, lo cual nutre la especulaci\u00f3n de un cambio inminente que podr\u00eda sacudir el proceso electoral.<\/p>\n\n\n\n<p>Como suele suceder en Washington, y ya que el l\u00edder de la Casa Blanca hasta ahora ha resistido exhortaciones privadas de l\u00edderes dem\u00f3cratas \u2013desde la ex presidenta de la C\u00e1mara de Representantes Nancy Pelosi, el l\u00edder de la mayor\u00eda dem\u00f3crata del Senado, Chuck Schumer, y el l\u00edder de la minor\u00eda dem\u00f3crata en la c\u00e1mara baja, Hakeem Jeffries\u2013, esas conversaciones ahora se est\u00e1n filtrando a los medios. \u201cLa ex presidenta de la c\u00e1mara Nancy Pelosi inform\u00f3 a algunos legisladores que ella cree que el presidente Biden puede ser convencido ya pronto para salirse de la contienda presidencial\u201d, report\u00f3 el diario \u201cThe Washington Post\u201d.<\/p>\n\n\n\n<p>La ex l\u00edder de la c\u00e1mara, seg\u00fan versiones, ha estado argumentando con Biden y su equipo que las encuestas indican que no tiene manera de ganar la elecci\u00f3n en noviembre, y m\u00e1s a\u00fan est\u00e1 poniendo en peligro a dem\u00f3cratas en otras contiendas. A la fecha, s\u00f3lo 21 legisladores dem\u00f3cratas han llamado p\u00fablicamente a que Biden se retire de la campa\u00f1a, muchos m\u00e1s lo han expresado en privado.<\/p>\n\n\n\n<p>La Casa Blanca repetidamente ha rechazado estas versiones y ha afirmado que el jefe del Ejecutivo est\u00e1 determinado en derrotar a Trump. Pero los medios siguen reportando una continua hemorragia de apoyo e incluso informaron que el ex mandatario Barack Obama manifest\u00f3 en privado que quien fuera su ex vicepresidente tiene que \u201cseriamente\u201d contemplar abandonar la contienda.<\/p>\n\n\n\n<p>Por ahora, el jefe de Estado se encuentra en su casa de playa en Delaware, recuper\u00e1ndose de covid. Todo indica que tendr\u00e1 que responder p\u00fablicamente a todo este creciente e incesante coro en los pr\u00f3ximos d\u00edas.<\/p>\n\n\n\n<p>\u201cSALVADO POR DIOS\u201d<\/p>\n\n\n\n<p>Donald Trump fue coronado ayer en la cuarta y \u00faltima noche de la convenci\u00f3n nacional de un Partido Republicano absolutamente bajo su control, ofreciendo uno de sus discursos cl\u00e1sicos, pero con un giro diferente &#8211; declar\u00f3 que Dios lo salv\u00f3 de la bala de un asesino para proceder con su prop\u00f3sito especial al presentarse ahora como un l\u00edder de todos los estadunidenses y no s\u00f3lo su partido.<\/p>\n\n\n\n<p>\u201cDi lucha, lucha, lucha. Di Trump, Trump, Trump\u201d, fue el nuevo rap ofrecido por Kid Rock para calentar el ambiente y preparar el escenario para lo que todos esperaron por cuatro d\u00edas.<\/p>\n\n\n\n<p>Trump apareci\u00f3, con su ahora famosa oreja vendada, sobre el escenario ante los gritos mientras se toca una canci\u00f3n patriotera bendiciendo a Estados Unidos, saludando ante el delirio de su catedral pol\u00edtica.<\/p>\n\n\n\n<p>\u201cMe presento aqu\u00ed con confianza, fortaleza y esperanza.\u201d, al declarar que \u201cganaremos\u201d en noviembre y con ello \u201cempezaremos los cuatro a\u00f1os m\u00e1s grandiosos en la historia de nuestro pa\u00eds\u201d. Declaro que \u201cla divisi\u00f3n en nuestro pa\u00eds tiene que ser curada. Surgimos juntos o nos deshacemos\u201d.<\/p>\n\n\n\n<p>(Informaci\u00f3n de \u201cLa Jornada\u201d)<\/p>\n","protected":false},"excerpt":{"rendered":"<p>Redacci\u00f3n\/Zona Roja Cdmx. Ciudad de M\u00e9xico, a 19 de julio de 2024.-&nbsp; L\u00edderes del Partido&hellip;<\/p>\n","protected":false},"author":2,"featured_media":70529,"comment_status":"closed","ping_status":"open","sticky":false,"template":"","format":"standard","meta":{"_lmt_disableupdate":"","_lmt_disable":"","_jetpack_memberships_contains_paid_content":false,"footnotes":""},"categories":[109,47],"tags":[1060,2347],"class_list":["post-70528","post","type-post","status-publish","format-standard","has-post-thumbnail","hentry","category-minuto-a-minuto","category-zona-gris","tag-donald-trump","tag-joe-biden"],"jetpack_featured_media_url":"https:\/\/zonaroja.com.mx\/wp-content\/uploads\/2024\/07\/Donald-Trumpo-y-Joe-Biden.jpeg","jetpack_sharing_enabled":true,"_links":{"self":[{"href":"https:\/\/zonaroja.com.mx\/index.php?rest_route=\/wp\/v2\/posts\/70528","targetHints":{"allow":["GET"]}}],"collection":[{"href":"https:\/\/zonaroja.com.mx\/index.php?rest_route=\/wp\/v2\/posts"}],"about":[{"href":"https:\/\/zonaroja.com.mx\/index.php?rest_route=\/wp\/v2\/types\/post"}],"author":[{"embeddable":true,"href":"https:\/\/zonaroja.com.mx\/index.php?rest_route=\/wp\/v2\/users\/2"}],"replies":[{"embeddable":true,"href":"https:\/\/zonaroja.com.mx\/index.php?rest_route=%2Fwp%2Fv2%2Fcomments&post=70528"}],"version-history":[{"count":1,"href":"https:\/\/zonaroja.com.mx\/index.php?rest_route=\/wp\/v2\/posts\/70528\/revisions"}],"predecessor-version":[{"id":70530,"href":"https:\/\/zonaroja.com.mx\/index.php?rest_route=\/wp\/v2\/posts\/70528\/revisions\/70530"}],"wp:featuredmedia":[{"embeddable":true,"href":"https:\/\/zonaroja.com.mx\/index.php?rest_route=\/wp\/v2\/media\/70529"}],"wp:attachment":[{"href":"https:\/\/zonaroja.com.mx\/index.php?rest_route=%2Fwp%2Fv2%2Fmedia&parent=70528"}],"wp:term":[{"taxonomy":"category","embeddable":true,"href":"https:\/\/zonaroja.com.mx\/index.php?rest_route=%2Fwp%2Fv2%2Fcategories&post=70528"},{"taxonomy":"post_tag","embeddable":true,"href":"https:\/\/zonaroja.com.mx\/index.php?rest_route=%2Fwp%2Fv2%2Ftags&post=70528"}],"curies":[{"name":"wp","href":"https:\/\/api.w.org\/{rel}","templated":true}]}}