{"id":7053,"date":"2019-12-27T21:23:17","date_gmt":"2019-12-28T03:23:17","guid":{"rendered":"http:\/\/www.zonaroja.com.mx\/?p=7053"},"modified":"2019-12-27T21:23:20","modified_gmt":"2019-12-28T03:23:20","slug":"animalistas-temen-por-su-seguridad-no-hay-respuesta-ante-agresiones-recibidas","status":"publish","type":"post","link":"https:\/\/zonaroja.com.mx\/?p=7053","title":{"rendered":"Animalistas temen por su seguridad; no hay respuesta ante agresiones recibidas"},"content":{"rendered":"\n<p>Evlin Arag\u00f3n\/Zona Roja.<\/p>\n\n\n\n<p>Oaxaca de Ju\u00e1rez, Oax., 27 de diciembre\nde 2019.- Las defensoras de animales agredidas por funcionarios del municipio\nde Oaxaca de Ju\u00e1rez, durante el primer informe de actividades del edil Oswaldo\nGarc\u00eda Jarqu\u00edn, aseguran que temen por su seguridad y consideran estar en\nriesgo ya sus agresores les advirtieron que las ten\u00edan identificadas, incluso\nque sab\u00edan d\u00f3nde viv\u00edan.<\/p>\n\n\n\n<p>Por lo anterior, independientemente de\nla denuncia que presentaron ante la Fiscal\u00eda General del Estado de Oaxaca,\niniciaron una queja ante la Defensor\u00eda de los Derechos Humanos del Pueblo de\nOaxaca; sin embargo, esta no se ha pronunciado a\u00fan con respecto a la agresi\u00f3n\nsufrida por las mujeres.<\/p>\n\n\n\n<p>\u201cNos pronunciamos en contra de estos\nactos de violencia de g\u00e9nero, contra la libre manifestaci\u00f3n en contra de tres\nmujeres de protecci\u00f3n animal en Oaxaca, que hac\u00edamos uso del derecho a la libre\nmanifestaci\u00f3n para exigirle cumplir los compromisos contra\u00eddos durante su\ncampa\u00f1a con los animales\u201d refieren en los perfiles de Facebook de la Red de\nAnimalistas Oaxaca, Apa Oax y Huellas de Ayuda Oaxaca.<\/p>\n\n\n\n<p>Las mujeres agredidas aseguraron que su\n\u00fanico delito ha sido darle voz a los animales, actividad que han realizado\ndesde hace a\u00f1os y que les permiti\u00f3 tener un acercamiento con el ahora edil\nOswaldo Garc\u00eda durante su campa\u00f1a en donde se comprometi\u00f3 a realizar acciones\ncontundente que permitan reducir la poblaci\u00f3n de animales en situaci\u00f3n de\ncalle.<\/p>\n\n\n\n<p>No obstante, la falta de cumplimiento a\nsu palabra, las ha llevado a manifestarse incluso en las sesiones de Cabildo,\nsin que el edil acepte una mesa de trabajo con los diferentes colectivos de\nprotecci\u00f3n animal, por el contrario, en su \u00faltima protesta fueron agredidas\nverbal y f\u00edsicamente, manoseadas sexualmente, amenazadas, y despojadas de un\ntel\u00e9fono celular para borrar evidencias de la violencia ejercida en su contra.<\/p>\n\n\n\n<p>Lo anterior por parte de personal del\nayuntamiento que se identific\u00f3 como parte del \u00abstaff\u00bb del primer\ninforme de actividades del edil y que posteriormente fueron identificado por\nlas agredidas como Joaqu\u00edn Santiago, inspector del municipio y Eduardo Zanabria\nque fue quien arrebato el tel\u00e9fono de las activistas para impedir que siguieran\ngrabando la violencia que ejerc\u00edan en su contra.<\/p>\n\n\n\n<p>\u201cHay (dinero) para \u2018staff\u2019 compuesto de\nlacras, para reprimir animalistas, para conciertos, PAN Y CIRCO, menos para las\ndiez mil esterilizaciones anuales que el Mpio. necesita para controlar la\nsuperpoblaci\u00f3n de canes y gatos ES M\u00c1S DE LO MISMO\u201d, refieren en sus redes\nsociales.<\/p>\n\n\n\n<p>De la agresi\u00f3n a Cecilia Bautista\nAparicio, Idalis Bautista y Martha Elba Hern\u00e1ndez responsabilizan al edil\ncapitalino, Oswaldo Garc\u00eda Jarqu\u00edn, quien recientemente calific\u00f3 de \u201cmal gusto\u201d\nla protesta que realizaron las activistas en el marco de su primer informe de\nactividades, el pasado 13 de diciembre.<\/p>\n","protected":false},"excerpt":{"rendered":"<p>Evlin Arag\u00f3n\/Zona Roja. Oaxaca de Ju\u00e1rez, Oax., 27 de diciembre de 2019.- Las defensoras de&hellip;<\/p>\n","protected":false},"author":2,"featured_media":6728,"comment_status":"closed","ping_status":"open","sticky":false,"template":"","format":"standard","meta":{"_lmt_disableupdate":"","_lmt_disable":"","_jetpack_memberships_contains_paid_content":false,"footnotes":""},"categories":[109,47],"tags":[115],"class_list":["post-7053","post","type-post","status-publish","format-standard","has-post-thumbnail","hentry","category-minuto-a-minuto","category-zona-gris","tag-oswaldo-garcia-jarquin"],"jetpack_featured_media_url":"https:\/\/zonaroja.com.mx\/wp-content\/uploads\/2019\/12\/animalistas-agredidas.jpg","jetpack_sharing_enabled":true,"_links":{"self":[{"href":"https:\/\/zonaroja.com.mx\/index.php?rest_route=\/wp\/v2\/posts\/7053","targetHints":{"allow":["GET"]}}],"collection":[{"href":"https:\/\/zonaroja.com.mx\/index.php?rest_route=\/wp\/v2\/posts"}],"about":[{"href":"https:\/\/zonaroja.com.mx\/index.php?rest_route=\/wp\/v2\/types\/post"}],"author":[{"embeddable":true,"href":"https:\/\/zonaroja.com.mx\/index.php?rest_route=\/wp\/v2\/users\/2"}],"replies":[{"embeddable":true,"href":"https:\/\/zonaroja.com.mx\/index.php?rest_route=%2Fwp%2Fv2%2Fcomments&post=7053"}],"version-history":[{"count":1,"href":"https:\/\/zonaroja.com.mx\/index.php?rest_route=\/wp\/v2\/posts\/7053\/revisions"}],"predecessor-version":[{"id":7054,"href":"https:\/\/zonaroja.com.mx\/index.php?rest_route=\/wp\/v2\/posts\/7053\/revisions\/7054"}],"wp:featuredmedia":[{"embeddable":true,"href":"https:\/\/zonaroja.com.mx\/index.php?rest_route=\/wp\/v2\/media\/6728"}],"wp:attachment":[{"href":"https:\/\/zonaroja.com.mx\/index.php?rest_route=%2Fwp%2Fv2%2Fmedia&parent=7053"}],"wp:term":[{"taxonomy":"category","embeddable":true,"href":"https:\/\/zonaroja.com.mx\/index.php?rest_route=%2Fwp%2Fv2%2Fcategories&post=7053"},{"taxonomy":"post_tag","embeddable":true,"href":"https:\/\/zonaroja.com.mx\/index.php?rest_route=%2Fwp%2Fv2%2Ftags&post=7053"}],"curies":[{"name":"wp","href":"https:\/\/api.w.org\/{rel}","templated":true}]}}