{"id":70531,"date":"2024-07-19T10:30:00","date_gmt":"2024-07-19T16:30:00","guid":{"rendered":"https:\/\/zonaroja.com.mx\/?p=70531"},"modified":"2024-07-19T08:13:13","modified_gmt":"2024-07-19T14:13:13","slug":"todo-listo-en-oaxaca-de-juarez-para-la-primera-funcion-de-donaji-la-leyenda","status":"publish","type":"post","link":"https:\/\/zonaroja.com.mx\/?p=70531","title":{"rendered":"\u00a0Todo listo en Oaxaca de Ju\u00e1rez para la primera funci\u00f3n de \u201cDonaj\u00ed, la Leyenda\u201d"},"content":{"rendered":"\n<p>&nbsp;Redacci\u00f3n\/Zona Roja.<\/p>\n\n\n\n<p>Oaxaca de Ju\u00e1rez, Oaxaca, a 18 de julio de 2024.- La capital oaxaque\u00f1a, especialmente la Rotonda de la Azucena, se encuentra lista para recibir a turistas nacionales y extranjeros, quienes, en los pr\u00f3ximos d\u00edas 21 y 28 de julio, vibrar\u00e1n con el espect\u00e1culo danc\u00edstico \u201cDonaj\u00ed, la Leyenda\u201d.&nbsp;<\/p>\n\n\n\n<p>El evento organizado por el ayuntamiento de Oaxaca de Ju\u00e1rez, a trav\u00e9s de la Secretar\u00eda de Fomento Tur\u00edstico, dar\u00e1 inicio a las 20:00 horas, en el que se espera una actuaci\u00f3n sin precedentes a cargo del Ballet Folkl\u00f3rico de Oaxaca.<\/p>\n\n\n\n<p>En ese sentido, autoridades municipales recordaron que los boletos de los palcos A y B siguen a la venta en tres puntos de la ciudad: Palacio Municipal y los Centros de Informaci\u00f3n Tur\u00edstica ubicados en Santo Domingo de Guzm\u00e1n y en la Alameda de Le\u00f3n, as\u00ed como en la plataforma superboletos.com.<\/p>\n\n\n\n<p>Los accesos para los palcos C y D, son totalmente gratuitos sin necesidad de presentar un boleto.<\/p>\n\n\n\n<p>Por lo anterior, invitaron a la ciudadan\u00eda en general que a\u00fan no cuenta con accesos, a adquirirlos en un horario de 10:00 a 17:00 horas, o bien ubicarlos v\u00eda internet.<\/p>\n\n\n\n<p>TIANGUIS GASTRON\u00d3MICO&nbsp;<\/p>\n\n\n\n<p>En la Plaza de la Danza, el presidente municipal, Francisco Mart\u00ednez Neri, en conjunto con el Gobernador del Estado, Salom\u00f3n Jara Cruz, y cocineras tradicionales, participaron en la inauguraci\u00f3n del Tianguis Gastron\u00f3mico \u201cDesde mis ra\u00edces con sus sabores\u201d.<\/p>\n\n\n\n<p>\u201cHa sido un gusto acompa\u00f1ar al gobernador del estado y a su se\u00f1ora esposa al arranque de esta actividad que promueve el consumo local; no deben perderse la oportunidad de descubrir la ampl\u00eda variedad de platillos oaxaque\u00f1os que se ofrecen en la Plaza de la Danza\u201d, recalc\u00f3 Mart\u00ednez Neri acompa\u00f1ado de la Presidenta Honoraria del Sistema DIF Municipal, Bernarda Gonz\u00e1lez Rivas.<\/p>\n\n\n\n<p>Se mantendr\u00e1 hasta el 31 de julio y se conforma de 43 stands donde est\u00e1n presentes platillos de las 16 culturas y el pueblo afromexicano, con el empleo de productos t\u00edpicos de las regiones y de acuerdo a los procesos ancestrales que conlleva la preparaci\u00f3n de los alimentos.<\/p>\n","protected":false},"excerpt":{"rendered":"<p>&nbsp;Redacci\u00f3n\/Zona Roja. Oaxaca de Ju\u00e1rez, Oaxaca, a 18 de julio de 2024.- La capital oaxaque\u00f1a,&hellip;<\/p>\n","protected":false},"author":2,"featured_media":70519,"comment_status":"closed","ping_status":"open","sticky":false,"template":"","format":"standard","meta":{"_lmt_disableupdate":"","_lmt_disable":"","_jetpack_memberships_contains_paid_content":false,"footnotes":""},"categories":[109,46],"tags":[148],"class_list":["post-70531","post","type-post","status-publish","format-standard","has-post-thumbnail","hentry","category-minuto-a-minuto","category-zona-blanca","tag-oaxaca-de-juarez"],"jetpack_featured_media_url":"https:\/\/zonaroja.com.mx\/wp-content\/uploads\/2024\/07\/Presentacion-Donaji.jpeg","jetpack_sharing_enabled":true,"_links":{"self":[{"href":"https:\/\/zonaroja.com.mx\/index.php?rest_route=\/wp\/v2\/posts\/70531","targetHints":{"allow":["GET"]}}],"collection":[{"href":"https:\/\/zonaroja.com.mx\/index.php?rest_route=\/wp\/v2\/posts"}],"about":[{"href":"https:\/\/zonaroja.com.mx\/index.php?rest_route=\/wp\/v2\/types\/post"}],"author":[{"embeddable":true,"href":"https:\/\/zonaroja.com.mx\/index.php?rest_route=\/wp\/v2\/users\/2"}],"replies":[{"embeddable":true,"href":"https:\/\/zonaroja.com.mx\/index.php?rest_route=%2Fwp%2Fv2%2Fcomments&post=70531"}],"version-history":[{"count":1,"href":"https:\/\/zonaroja.com.mx\/index.php?rest_route=\/wp\/v2\/posts\/70531\/revisions"}],"predecessor-version":[{"id":70532,"href":"https:\/\/zonaroja.com.mx\/index.php?rest_route=\/wp\/v2\/posts\/70531\/revisions\/70532"}],"wp:featuredmedia":[{"embeddable":true,"href":"https:\/\/zonaroja.com.mx\/index.php?rest_route=\/wp\/v2\/media\/70519"}],"wp:attachment":[{"href":"https:\/\/zonaroja.com.mx\/index.php?rest_route=%2Fwp%2Fv2%2Fmedia&parent=70531"}],"wp:term":[{"taxonomy":"category","embeddable":true,"href":"https:\/\/zonaroja.com.mx\/index.php?rest_route=%2Fwp%2Fv2%2Fcategories&post=70531"},{"taxonomy":"post_tag","embeddable":true,"href":"https:\/\/zonaroja.com.mx\/index.php?rest_route=%2Fwp%2Fv2%2Ftags&post=70531"}],"curies":[{"name":"wp","href":"https:\/\/api.w.org\/{rel}","templated":true}]}}