{"id":70541,"date":"2024-07-19T19:59:35","date_gmt":"2024-07-20T01:59:35","guid":{"rendered":"https:\/\/zonaroja.com.mx\/?p=70541"},"modified":"2024-07-19T19:59:37","modified_gmt":"2024-07-20T01:59:37","slug":"reconocera-el-llamado-del-caracol-a-tres-destacados-oaxaquenos","status":"publish","type":"post","link":"https:\/\/zonaroja.com.mx\/?p=70541","title":{"rendered":"Reconocer\u00e1 \u00abEl Llamado del Caracol\u00bb a tres destacados oaxaque\u00f1os"},"content":{"rendered":"\n<p>Redacci\u00f3n\/Zona Roja.<\/p>\n\n\n\n<p>Oaxaca de Ju\u00e1rez, Oax., a 19 de julio de 2024.- Sin una gran campa\u00f1a publicitaria pero con el \u00edmpetu y energ\u00eda que les confieren ancestros y ancestras, del 20 al 22 de julio se llevar\u00e1 a cabo, por d\u00e9cimo tercera ocasi\u00f3n, \u00abEl Llamado del Caracol\u00bb, la fiesta grande las y los curanderos, un evento autogestivo e independiente, organizado por Roc\u00edo Morales.<\/p>\n\n\n\n<p>La sanadora zapoteca dio a conocer que esta vez dicho encuentro se realizar\u00e1 en el auditorio del Sindicato de Trabajadores de M\u00e9xico ubicado en calle Magnolias n\u00famero 121, zona del Ex Marquesado de la capital oaxaque\u00f1a.<\/p>\n\n\n\n<p>\u00abEl Llamado del Caracol\u00bb abrir\u00e1 el s\u00e1bado 20 de julio a las 08:00 horas de la ma\u00f1ana con una caminata espiritual y ceremonia ancestral que partir\u00e1 de las escalinatas del cerro del \u201cFort\u00edn\u201d para llegar a la sede del encuentro.<\/p>\n\n\n\n<p>Posteriormente iniciar\u00e1n las diversas actividades, entre las que figuran terapias de sanaci\u00f3n, rituales, talleres, bodas ancestrales, expo venta gastron\u00f3mica, m\u00fasica medicina, danza medicina, limpias y sobadas, y por la noche se celebrar\u00e1 un Gran Baile Serrano, organizado por la familia Morales, porque la danza tambi\u00e9n es medicinal para el esp\u00edritu.<\/p>\n\n\n\n<p>Roc\u00edo Morales precis\u00f3 que \u00abEl Llamado del Caracol\u00bb busca devolver el sentido original a la palabra Guelaguetza, ofreciendo y mostrando a las nuevas generaciones la medicina tradicional con la cual se curaban antiguamente las personas en las comunidades ind\u00edgenas.<\/p>\n\n\n\n<p>Por \u00faltimo, inform\u00f3 que este a\u00f1o otorgar\u00e1n tres reconocimientos a personalidades oaxaque\u00f1as que destacan por su labor como defensores de la identidad y contribuci\u00f3n en el \u00e1mbito comunitario.&nbsp;<\/p>\n\n\n\n<p>Se trata del maestro Cipriano Flores Cruz, originario de Santiago Zoochila; Elizabeth Cruz, activista de los derechos ciudadanos en el barrio de Xochimilco, y David Ilescas, actor y cineasta ganador de un Ariel, originario de San Juan Taba\u00e1.<\/p>\n\n\n\n<p>Cabe precisar que la imagen del cartel oficial de la d\u00e9cimo tercera edici\u00f3n del evento fue realizada y donada por el maestro Luis Valencia. Para mayores informes sobre el encuentro de curanderos y curanderas \u00abEl Llamado del Caracol\u00bb comunicarse a los tel\u00e9fonos 951 569 38 50 y 951 303 98 26.<\/p>\n\n\n\n<p>(Informaci\u00f3n de Sucedi\u00f3 en Oaxaca)<\/p>\n","protected":false},"excerpt":{"rendered":"<p>Redacci\u00f3n\/Zona Roja. Oaxaca de Ju\u00e1rez, Oax., a 19 de julio de 2024.- Sin una gran&hellip;<\/p>\n","protected":false},"author":2,"featured_media":70520,"comment_status":"closed","ping_status":"open","sticky":false,"template":"","format":"standard","meta":{"_lmt_disableupdate":"","_lmt_disable":"","_jetpack_memberships_contains_paid_content":false,"footnotes":""},"categories":[109,46],"tags":[],"class_list":["post-70541","post","type-post","status-publish","format-standard","has-post-thumbnail","hentry","category-minuto-a-minuto","category-zona-blanca"],"jetpack_featured_media_url":"https:\/\/zonaroja.com.mx\/wp-content\/uploads\/2024\/07\/El-llamado-del-caracol-reconocimientos.jpg","jetpack_sharing_enabled":true,"_links":{"self":[{"href":"https:\/\/zonaroja.com.mx\/index.php?rest_route=\/wp\/v2\/posts\/70541","targetHints":{"allow":["GET"]}}],"collection":[{"href":"https:\/\/zonaroja.com.mx\/index.php?rest_route=\/wp\/v2\/posts"}],"about":[{"href":"https:\/\/zonaroja.com.mx\/index.php?rest_route=\/wp\/v2\/types\/post"}],"author":[{"embeddable":true,"href":"https:\/\/zonaroja.com.mx\/index.php?rest_route=\/wp\/v2\/users\/2"}],"replies":[{"embeddable":true,"href":"https:\/\/zonaroja.com.mx\/index.php?rest_route=%2Fwp%2Fv2%2Fcomments&post=70541"}],"version-history":[{"count":1,"href":"https:\/\/zonaroja.com.mx\/index.php?rest_route=\/wp\/v2\/posts\/70541\/revisions"}],"predecessor-version":[{"id":70542,"href":"https:\/\/zonaroja.com.mx\/index.php?rest_route=\/wp\/v2\/posts\/70541\/revisions\/70542"}],"wp:featuredmedia":[{"embeddable":true,"href":"https:\/\/zonaroja.com.mx\/index.php?rest_route=\/wp\/v2\/media\/70520"}],"wp:attachment":[{"href":"https:\/\/zonaroja.com.mx\/index.php?rest_route=%2Fwp%2Fv2%2Fmedia&parent=70541"}],"wp:term":[{"taxonomy":"category","embeddable":true,"href":"https:\/\/zonaroja.com.mx\/index.php?rest_route=%2Fwp%2Fv2%2Fcategories&post=70541"},{"taxonomy":"post_tag","embeddable":true,"href":"https:\/\/zonaroja.com.mx\/index.php?rest_route=%2Fwp%2Fv2%2Ftags&post=70541"}],"curies":[{"name":"wp","href":"https:\/\/api.w.org\/{rel}","templated":true}]}}