{"id":70543,"date":"2024-07-19T21:40:31","date_gmt":"2024-07-20T03:40:31","guid":{"rendered":"https:\/\/zonaroja.com.mx\/?p=70543"},"modified":"2024-07-19T21:40:33","modified_gmt":"2024-07-20T03:40:33","slug":"asesinan-a-cuatro-personas-en-la-region-del-istmo-dos-eran-policias","status":"publish","type":"post","link":"https:\/\/zonaroja.com.mx\/?p=70543","title":{"rendered":"Asesinan a cuatro personas en la regi\u00f3n del Istmo; dos eran polic\u00edas\u00a0"},"content":{"rendered":"\n<p>Ismael Garc\u00eda M.\/Zona Roja.<\/p>\n\n\n\n<p>Oaxaca de Ju\u00e1rez, Oax., a 19 de julio de 2024.- Al menos cuatro personas fueron asesinadas este viernes en la regi\u00f3n del Istmo de Tehuantepec, de los cuales dos eran polic\u00edas.<\/p>\n\n\n\n<p>Esta tarde, en la colonia El Cairo de Santo Domingo Tehuantepec, fue hallado un cuerpo decapitado, en un camino de terracer\u00eda, mientras que poco despu\u00e9s la cabeza fue localizada en el barrio Vixhana.<\/p>\n\n\n\n<p>Hasta el momento se desconoce la identidad de la v\u00edctima debido a que no portaba alguna documentaci\u00f3n oficial; personal de la Vicefiscal\u00eda Regional del Istmo inici\u00f3 la investigaci\u00f3n correspondiente.<\/p>\n\n\n\n<p>Mientras tanto, en la ma\u00f1ana, dos personas fueron ejecutadas a balazos, en el interior de una unidad de motor que transitaba en la carretera Trans\u00edstimica, a la altura del crucero a la localidad de El Ajal, del municipio de El Barrio La Soledad.<\/p>\n\n\n\n<p>De manera preliminar se dio a conocer que los hoy occisos fueron identificados como Kevin Ali L. M., ex elemento de la Guardia Nacional, y Jos\u00e9 Luis \u201cN\u00bb, de la Polic\u00eda Auxiliar, Bancaria, Industrial y Comercial.<\/p>\n\n\n\n<p>Mientras tanto, tambi\u00e9n este viernes pero en la localidad de Playa Brasil, del municipio de Salina Cruz, fue localizado un cuerpo sin vida, con varios impactos de arma de fuego.<\/p>\n\n\n\n<p>Tampoco en este caso se cuenta con la identidad de la v\u00edctima, por lo cual el cad\u00e1ver fue trasladado a un descanso municipal.<\/p>\n\n\n\n<p>Por otra parte, anoche en la poblaci\u00f3n de San Pedro M\u00e1rtir, distrito de Ocotl\u00e1n, regi\u00f3n Valles Centrales; fue ultimado a balazos un individuo y hasta el momento no ha sido identificado, como tampoco se conoce el m\u00f3vil del crimen.<\/p>\n","protected":false},"excerpt":{"rendered":"<p>Ismael Garc\u00eda M.\/Zona Roja. Oaxaca de Ju\u00e1rez, Oax., a 19 de julio de 2024.- Al&hellip;<\/p>\n","protected":false},"author":2,"featured_media":70544,"comment_status":"closed","ping_status":"open","sticky":false,"template":"","format":"standard","meta":{"_lmt_disableupdate":"","_lmt_disable":"","_jetpack_memberships_contains_paid_content":false,"footnotes":""},"categories":[109,51],"tags":[533,168],"class_list":["post-70543","post","type-post","status-publish","format-standard","has-post-thumbnail","hentry","category-minuto-a-minuto","category-zona-roja","tag-asesinado-en-tehuantepec","tag-salina-cruz"],"jetpack_featured_media_url":"https:\/\/zonaroja.com.mx\/wp-content\/uploads\/2024\/07\/452218711_935589685244583_2944067412912159510_n.jpg","jetpack_sharing_enabled":true,"_links":{"self":[{"href":"https:\/\/zonaroja.com.mx\/index.php?rest_route=\/wp\/v2\/posts\/70543","targetHints":{"allow":["GET"]}}],"collection":[{"href":"https:\/\/zonaroja.com.mx\/index.php?rest_route=\/wp\/v2\/posts"}],"about":[{"href":"https:\/\/zonaroja.com.mx\/index.php?rest_route=\/wp\/v2\/types\/post"}],"author":[{"embeddable":true,"href":"https:\/\/zonaroja.com.mx\/index.php?rest_route=\/wp\/v2\/users\/2"}],"replies":[{"embeddable":true,"href":"https:\/\/zonaroja.com.mx\/index.php?rest_route=%2Fwp%2Fv2%2Fcomments&post=70543"}],"version-history":[{"count":1,"href":"https:\/\/zonaroja.com.mx\/index.php?rest_route=\/wp\/v2\/posts\/70543\/revisions"}],"predecessor-version":[{"id":70545,"href":"https:\/\/zonaroja.com.mx\/index.php?rest_route=\/wp\/v2\/posts\/70543\/revisions\/70545"}],"wp:featuredmedia":[{"embeddable":true,"href":"https:\/\/zonaroja.com.mx\/index.php?rest_route=\/wp\/v2\/media\/70544"}],"wp:attachment":[{"href":"https:\/\/zonaroja.com.mx\/index.php?rest_route=%2Fwp%2Fv2%2Fmedia&parent=70543"}],"wp:term":[{"taxonomy":"category","embeddable":true,"href":"https:\/\/zonaroja.com.mx\/index.php?rest_route=%2Fwp%2Fv2%2Fcategories&post=70543"},{"taxonomy":"post_tag","embeddable":true,"href":"https:\/\/zonaroja.com.mx\/index.php?rest_route=%2Fwp%2Fv2%2Ftags&post=70543"}],"curies":[{"name":"wp","href":"https:\/\/api.w.org\/{rel}","templated":true}]}}