{"id":70558,"date":"2024-07-20T13:49:00","date_gmt":"2024-07-20T19:49:00","guid":{"rendered":"https:\/\/zonaroja.com.mx\/?p=70558"},"modified":"2024-07-20T07:59:04","modified_gmt":"2024-07-20T13:59:04","slug":"opinion-macco-genocidio-cultural","status":"publish","type":"post","link":"https:\/\/zonaroja.com.mx\/?p=70558","title":{"rendered":"Opini\u00f3n. MACCO: genocidio cultural"},"content":{"rendered":"\n<p>Sergio Hern\u00e1ndez&nbsp;<\/p>\n\n\n\n<p class=\"has-text-align-right\"><em>R\u00e9quiem a Francisco Toledo<\/em><\/p>\n\n\n\n<p>Con manteles largos y mole de guajolote, entre pirul\u00edes, meng\u00fcanitos y harto mezcal, el gobierno oaxaque\u00f1o parece decidido a dar otra \u201cvuelta de tuerca\u201d a la historia de abusos y despojos iniciada hace un a\u00f1o (junio de 2023) por \u00e9l mismo, cuando decidi\u00f3 secuestrar el Museo de Arte Contempor\u00e1neo de Oaxaca (MACO).<\/p>\n\n\n\n<p>Quienes mantuvimos vivo durante 31 a\u00f1os el proyecto cultural anterior y dimos en comodato obras no recuperadas hasta hoy, hemos manifestado \u2014directamente o por medio de familiares o herederos leg\u00edtimos\u2014 nuestra indignaci\u00f3n ante la suma de atropellos cometidos o solapados desde la Secretar\u00eda de Cultura y otras instancias del gobierno del estado para apropiarse \u201cen nombre del pueblo\u201d de una colecci\u00f3n privada de piezas siempre expuestas al p\u00fablico, y que tienen due\u00f1os diversos, personas con nombre y apellido y legados vivos.<\/p>\n\n\n\n<p>La anunciada reapertura del ahora denominado Museo de Arte Contempor\u00e1neo y de las Culturas Oaxaque\u00f1as (Macco), prevista para el pr\u00f3ximo viernes 19, nace del despojo de una colecci\u00f3n privada de obras reunidas a iniciativa de Francisco Toledo y debidamente registradas durante 32 a\u00f1os y custodiadas mediante un patronato integrado por personas de intachable probidad personal e intelectual.<\/p>\n\n\n\n<p>\u200bQuienes se han abalanzado sobre el edificio que ocup\u00f3 el MACO en comodato&nbsp;se apoderaron de su acervo, y hoy usurpan y disfrazan hasta su leg\u00edtimo nombre; se saben amparados por la protecci\u00f3n oficial en una especie de experimento confiscatorio que no augura nada bueno para otras colecciones de arte.<\/p>\n\n\n\n<p>Si han evadido hasta ahora toda reclamaci\u00f3n legal y social&nbsp;es porque, de hecho, han decidido darle sentido a la sentencia oficial: \u201cNo me salgan conque la ley es la ley\u201d. De ese tama\u00f1o es la desverg\u00fcenza. El acervo secuestrado incluye obras tan singulares como una pieza monumental de gran formato de Rodolfo Nieto, de 2&#215;15 metros aproximadamente, y otras de m\u00e1s de un centenar de artistas oaxaque\u00f1os.<\/p>\n\n\n\n<p>A lo largo de 31 a\u00f1os fue posible reunir obras de artistas tan relevantes como Francisco Guti\u00e9rrez, Rufino Tamayo, Francisco Toledo, Rodolfo Morales, Jorge Dubon, Rodolfo Nieto, Jos\u00e9 Luis Cuevas, Gilberto Aceves Navarro, Sergio Hern\u00e1ndez, Graciela Iturbide, Kiyioto Ota y James Brown, entre otros. Adem\u00e1s, el secuestro comprende&nbsp;el acervo de los premios de la Bienal Rufino Tamayo perteneciente al Inbal.<\/p>\n\n\n\n<p>A partir de la pandemia, el MACO entr\u00f3 en crisis administrativa, al no poder cubrir salarios y acumular adeudos equivalentes a dos a\u00f1os de operaci\u00f3n. En ese ambiente dif\u00edcil y enredado, el gobierno actual decidi\u00f3 tomar la sede f\u00edsica del MACO con el apoyo de las fuerzas armadas, especialmente de la Marina, secuestrando obras de alto valor art\u00edstico como si fueran armas de uso reservado al ej\u00e9rcito o drogas.<\/p>\n\n\n\n<p>El acta constitutiva de 1992 da claramente a los miembros del patronato del Maco la condici\u00f3n de due\u00f1os y\/o custodios de las obras donadas. Los aportantes de obras seguimos esperando que el gobierno defina e informe una ruta leg\u00edtima y clara para reconocer y ejecutar la devoluci\u00f3n de las obras donadas. Mientras tanto, entre una confusa reapertura que sintetiza el populismo cultural (obras de arte contempor\u00e1neo, piezas del curious&nbsp;tur\u00edstico y muestras gastron\u00f3micas y mezcaleras, aderezadas con ambiente Guelaguetza), no es f\u00e1cil suponer para la sociedad y las v\u00edctimas del despojo que habr\u00e1 pronto un acto de probidad y transparencia que cumpla y haga cumplir los derechos de quienes vivimos el agravio en esta indignante historia. Con la reapertura del Macco inicia un nuevo periodo de agravios en contra del derecho humano a la cultura en Oaxaca.<\/p>\n\n\n\n<p>(Publicada en \u201cMilenio\u201d)<\/p>\n","protected":false},"excerpt":{"rendered":"<p>Sergio Hern\u00e1ndez&nbsp; R\u00e9quiem a Francisco Toledo Con manteles largos y mole de guajolote, entre pirul\u00edes,&hellip;<\/p>\n","protected":false},"author":2,"featured_media":70559,"comment_status":"closed","ping_status":"open","sticky":false,"template":"","format":"standard","meta":{"_lmt_disableupdate":"","_lmt_disable":"","_jetpack_memberships_contains_paid_content":false,"footnotes":""},"categories":[456,109],"tags":[1164],"class_list":["post-70558","post","type-post","status-publish","format-standard","has-post-thumbnail","hentry","category-columna","category-minuto-a-minuto","tag-sergio-hernandez"],"jetpack_featured_media_url":"https:\/\/zonaroja.com.mx\/wp-content\/uploads\/2024\/07\/MACCO-Museo-de-Arte.jpeg","jetpack_sharing_enabled":true,"_links":{"self":[{"href":"https:\/\/zonaroja.com.mx\/index.php?rest_route=\/wp\/v2\/posts\/70558","targetHints":{"allow":["GET"]}}],"collection":[{"href":"https:\/\/zonaroja.com.mx\/index.php?rest_route=\/wp\/v2\/posts"}],"about":[{"href":"https:\/\/zonaroja.com.mx\/index.php?rest_route=\/wp\/v2\/types\/post"}],"author":[{"embeddable":true,"href":"https:\/\/zonaroja.com.mx\/index.php?rest_route=\/wp\/v2\/users\/2"}],"replies":[{"embeddable":true,"href":"https:\/\/zonaroja.com.mx\/index.php?rest_route=%2Fwp%2Fv2%2Fcomments&post=70558"}],"version-history":[{"count":1,"href":"https:\/\/zonaroja.com.mx\/index.php?rest_route=\/wp\/v2\/posts\/70558\/revisions"}],"predecessor-version":[{"id":70560,"href":"https:\/\/zonaroja.com.mx\/index.php?rest_route=\/wp\/v2\/posts\/70558\/revisions\/70560"}],"wp:featuredmedia":[{"embeddable":true,"href":"https:\/\/zonaroja.com.mx\/index.php?rest_route=\/wp\/v2\/media\/70559"}],"wp:attachment":[{"href":"https:\/\/zonaroja.com.mx\/index.php?rest_route=%2Fwp%2Fv2%2Fmedia&parent=70558"}],"wp:term":[{"taxonomy":"category","embeddable":true,"href":"https:\/\/zonaroja.com.mx\/index.php?rest_route=%2Fwp%2Fv2%2Fcategories&post=70558"},{"taxonomy":"post_tag","embeddable":true,"href":"https:\/\/zonaroja.com.mx\/index.php?rest_route=%2Fwp%2Fv2%2Ftags&post=70558"}],"curies":[{"name":"wp","href":"https:\/\/api.w.org\/{rel}","templated":true}]}}