{"id":70564,"date":"2024-07-20T08:16:46","date_gmt":"2024-07-20T14:16:46","guid":{"rendered":"https:\/\/zonaroja.com.mx\/?p=70564"},"modified":"2024-07-20T08:16:48","modified_gmt":"2024-07-20T14:16:48","slug":"tiene-oaxaca-record-guinness-con-el-quesillo-mas-grande-del-mundo","status":"publish","type":"post","link":"https:\/\/zonaroja.com.mx\/?p=70564","title":{"rendered":"Tiene Oaxaca R\u00e9cord Guinness con el quesillo m\u00e1s grande del mundo"},"content":{"rendered":"\n<p>Redacci\u00f3n\/Zona Roja.<\/p>\n\n\n\n<p>Oaxaca de Ju\u00e1rez, Oax., a 20 de julio de 2024.- Con un quesillo de 636.2 kilos, Oaxaca hizo historia y rompi\u00f3 el R\u00e9cord Guinness de este producto l\u00e1cteo consolidado como un estandarte a nivel internacional de la riqueza culinaria de la entidad.<\/p>\n\n\n\n<p>La preparaci\u00f3n de esta pieza gigante se realiz\u00f3 en el marco de la Expo Feria del Queso y del Quesillo 2024 en el municipio de Reyes, Etla, a la que asistieron el gobernador Salom\u00f3n Jara Cruz y la presidenta Honoraria del Sistema DIF Oaxaca Irma Bola\u00f1os Quijano.&nbsp;<\/p>\n\n\n\n<p>En representaci\u00f3n del Gobierno del Estado, el titular de la Secretar\u00eda de Desarrollo Econ\u00f3mico (Sedeco), Ra\u00fal Ru\u00edz Robles, se\u00f1al\u00f3 que esta acci\u00f3n fortalecer\u00e1 la econom\u00eda local y permitir\u00e1 establecer contactos y concretar acuerdos con posibles compradores que lleven este producto a nuevos mercados.<\/p>\n\n\n\n<p>\u201cEste concurso es una revoluci\u00f3n de conciencia que contribuye al fortalecimiento de la hermandad entre las y los productores. Tambi\u00e9n, es una revitalizaci\u00f3n en la producci\u00f3n del quesillo, base indiscutible para incentivar apoyos para su comercializaci\u00f3n en otros lugares\u201d, puntualiz\u00f3 ante la representante de la Diosa Cent\u00e9otl 2024 Juana Hern\u00e1ndez L\u00f3pez.&nbsp;<\/p>\n\n\n\n<p>Expuso que el gobierno de la \u201cPrimavera Oaxaque\u00f1a\u201d ha sumado esfuerzos con la municipalidad durante 19 meses para la producci\u00f3n, comercializaci\u00f3n y reconocimiento de este producto a trav\u00e9s de un signo distintivo que indique que la cuna es Reyes Etla. &nbsp;<\/p>\n\n\n\n<p>Por ello, durante la Expo Feria se entregar\u00e1 de manera simb\u00f3lica la solicitud para la acreditaci\u00f3n geogr\u00e1fica del quesillo ante el Instituto Mexicano de la Propiedad Industrial (IMPI).<\/p>\n\n\n\n<p>Durante 12 horas 100 familias productoras mantuvieron un trabajo continuo para que este producto entrara al Libro Guinness, que se distribuye en m\u00e1s de 100 pa\u00edses y se traduce a 37 idiomas.<\/p>\n\n\n\n<p>Cabe destacar que, Pijijiapan, Chiapas manten\u00eda el R\u00e9cord Guinness del quesillo m\u00e1s grande del mundo con una pieza de 558 kilos, por lo que con esta distinci\u00f3n Oaxaca logra esta certificaci\u00f3n.&nbsp;<\/p>\n\n\n\n<p>El R\u00e9cord Guinness garantiza un importante canal de difusi\u00f3n para este l\u00e1cteo oaxaque\u00f1o y es una ventana de oportunidades para fortalecer a las personas productoras.&nbsp;<\/p>\n","protected":false},"excerpt":{"rendered":"<p>Redacci\u00f3n\/Zona Roja. Oaxaca de Ju\u00e1rez, Oax., a 20 de julio de 2024.- Con un quesillo&hellip;<\/p>\n","protected":false},"author":2,"featured_media":70565,"comment_status":"closed","ping_status":"open","sticky":false,"template":"","format":"standard","meta":{"_lmt_disableupdate":"","_lmt_disable":"","_jetpack_memberships_contains_paid_content":false,"footnotes":""},"categories":[109,46],"tags":[3957],"class_list":["post-70564","post","type-post","status-publish","format-standard","has-post-thumbnail","hentry","category-minuto-a-minuto","category-zona-blanca","tag-reyes-etla"],"jetpack_featured_media_url":"https:\/\/zonaroja.com.mx\/wp-content\/uploads\/2024\/07\/Record-quesillo-etla.jpg","jetpack_sharing_enabled":true,"_links":{"self":[{"href":"https:\/\/zonaroja.com.mx\/index.php?rest_route=\/wp\/v2\/posts\/70564","targetHints":{"allow":["GET"]}}],"collection":[{"href":"https:\/\/zonaroja.com.mx\/index.php?rest_route=\/wp\/v2\/posts"}],"about":[{"href":"https:\/\/zonaroja.com.mx\/index.php?rest_route=\/wp\/v2\/types\/post"}],"author":[{"embeddable":true,"href":"https:\/\/zonaroja.com.mx\/index.php?rest_route=\/wp\/v2\/users\/2"}],"replies":[{"embeddable":true,"href":"https:\/\/zonaroja.com.mx\/index.php?rest_route=%2Fwp%2Fv2%2Fcomments&post=70564"}],"version-history":[{"count":1,"href":"https:\/\/zonaroja.com.mx\/index.php?rest_route=\/wp\/v2\/posts\/70564\/revisions"}],"predecessor-version":[{"id":70566,"href":"https:\/\/zonaroja.com.mx\/index.php?rest_route=\/wp\/v2\/posts\/70564\/revisions\/70566"}],"wp:featuredmedia":[{"embeddable":true,"href":"https:\/\/zonaroja.com.mx\/index.php?rest_route=\/wp\/v2\/media\/70565"}],"wp:attachment":[{"href":"https:\/\/zonaroja.com.mx\/index.php?rest_route=%2Fwp%2Fv2%2Fmedia&parent=70564"}],"wp:term":[{"taxonomy":"category","embeddable":true,"href":"https:\/\/zonaroja.com.mx\/index.php?rest_route=%2Fwp%2Fv2%2Fcategories&post=70564"},{"taxonomy":"post_tag","embeddable":true,"href":"https:\/\/zonaroja.com.mx\/index.php?rest_route=%2Fwp%2Fv2%2Ftags&post=70564"}],"curies":[{"name":"wp","href":"https:\/\/api.w.org\/{rel}","templated":true}]}}