{"id":70567,"date":"2024-07-20T12:16:00","date_gmt":"2024-07-20T18:16:00","guid":{"rendered":"https:\/\/zonaroja.com.mx\/?p=70567"},"modified":"2024-07-20T08:20:13","modified_gmt":"2024-07-20T14:20:13","slug":"atrapan-a-asaltantes-del-centro-historico-de-la-ciudad-de-oaxaca","status":"publish","type":"post","link":"https:\/\/zonaroja.com.mx\/?p=70567","title":{"rendered":"Atrapan a asaltantes del Centro Hist\u00f3rico de la ciudad de Oaxaca"},"content":{"rendered":"\n<p>Redacci\u00f3n\/Zona Roja.<\/p>\n\n\n\n<p>Oaxaca de Ju\u00e1rez, Oax., a 20 de julio de 2024.- Integrantes de una banda delictiva que opera en el Centro Hist\u00f3rico de la ciudad de Oaxaca y otras zonas, fueron atrapadas por la polic\u00eda municipal.<\/p>\n\n\n\n<p>De acuerdo con la Secretar\u00eda de Seguridad Ciudadana, Movilidad y Protecci\u00f3n Civil, este viernes a las 02:20 horas, el C-4 alert\u00f3 a elementos de Proximidad Social sobre tres sujetos que hu\u00edan en una camioneta cerrada, color gris, luego de asaltar a un turista en la calle Constituci\u00f3n esquina Libres, del centro de la ciudad.<\/p>\n\n\n\n<p>Las unidades de polic\u00eda se trasladaron al lugar y al contar con el ofendido, dijo que, al caminar en ese lugar, un sujeto baj\u00f3 de una camioneta cerrada, color gris y le apunt\u00f3 con un objeto similar a un arma de fuego.<\/p>\n\n\n\n<p>Al forcejear con \u00e9l, sus dos c\u00f3mplices lo golpearon y al lograr derribarlos, fue despojado de su tel\u00e9fono celular marca iPhone color azul.<\/p>\n\n\n\n<p>El ofendido proporcion\u00f3 las caracter\u00edsticas de sus atacantes y casi al instante, otros elementos ubicaron la camioneta en Morelos y Pino Su\u00e1rez, por lo cual le marcaron el alto al conductor.<\/p>\n\n\n\n<p>\u00c9ste hizo caso omiso y aceler\u00f3 su marcha, iniciando una persecuci\u00f3n por la calle Pino Su\u00e1rez hasta H\u00e9roes de Chapultepec, donde descendieron los tres ocupantes.<\/p>\n\n\n\n<p>Pese a que negaron haber cometido alg\u00fan robo, en la inspecci\u00f3n precautoria, a uno de ellos le hallaron el tel\u00e9fono del ofendido, as\u00ed como al presentarse al lugar, \u00e9ste identific\u00f3 plenamente a las tres personas como quienes lo hab\u00edan golpeado para robarle.<\/p>\n\n\n\n<p>Ante el se\u00f1alamiento directo, procedieron a la detenci\u00f3n de quienes dijeron llamarse Daniel A. C. R., de 24 a\u00f1os de edad; Israel C. C., de 31 a\u00f1os de edad y Rony D. C. R., de 28 a\u00f1os de edad, as\u00ed como tambi\u00e9n fue asegurada la camioneta marca Suzuki tipo Vitara con placas de circulaci\u00f3n del estado de Chiapas.<\/p>\n\n\n\n<p>Los detenidos quedaron a disposici\u00f3n de la Fiscal\u00eda General del Estado para determinar su situaci\u00f3n jur\u00eddica.<\/p>\n\n\n\n<p>TIENEN ANTECEDENTES&nbsp;<\/p>\n\n\n\n<p>La instituci\u00f3n de seguridad indic\u00f3 que dos de los detenidos cuentan con antecedentes por robo y delitos contra la salud, as\u00ed como presuntamente han cometido otros robos similares en la ciudad.<\/p>\n\n\n\n<p>Daniel A. C. R., fue detenido en el 2021, en la agencia Pueblo Nuevo, por delitos contra la salud, por lo cual fue procesado y sentenciado.<\/p>\n\n\n\n<p>Mientras que Israel C. C., fue detenido en el a\u00f1o 2022 por robo de un celular a un turista en el Jard\u00edn San Pablo, del centro de la ciudad. As\u00ed como en el a\u00f1o 2021 tambi\u00e9n fue detenido por el robo de un tel\u00e9fono celular en la calle Ray\u00f3n, del centro de la ciudad.<\/p>\n\n\n\n<p>El jefe policial pidi\u00f3 a la ciudadan\u00eda que en caso de identificar a los detenidos como presuntos responsables de alg\u00fan il\u00edcito, presentar la denuncia penal en la Fiscal\u00eda General del Estado.<\/p>\n","protected":false},"excerpt":{"rendered":"<p>Redacci\u00f3n\/Zona Roja. Oaxaca de Ju\u00e1rez, Oax., a 20 de julio de 2024.- Integrantes de una&hellip;<\/p>\n","protected":false},"author":2,"featured_media":70568,"comment_status":"closed","ping_status":"open","sticky":false,"template":"","format":"standard","meta":{"_lmt_disableupdate":"","_lmt_disable":"","_jetpack_memberships_contains_paid_content":false,"footnotes":""},"categories":[109,46],"tags":[],"class_list":["post-70567","post","type-post","status-publish","format-standard","has-post-thumbnail","hentry","category-minuto-a-minuto","category-zona-blanca"],"jetpack_featured_media_url":"https:\/\/zonaroja.com.mx\/wp-content\/uploads\/2024\/07\/Detenidos-por-robo-ciudad-de-Oaxaca.jpg","jetpack_sharing_enabled":true,"_links":{"self":[{"href":"https:\/\/zonaroja.com.mx\/index.php?rest_route=\/wp\/v2\/posts\/70567","targetHints":{"allow":["GET"]}}],"collection":[{"href":"https:\/\/zonaroja.com.mx\/index.php?rest_route=\/wp\/v2\/posts"}],"about":[{"href":"https:\/\/zonaroja.com.mx\/index.php?rest_route=\/wp\/v2\/types\/post"}],"author":[{"embeddable":true,"href":"https:\/\/zonaroja.com.mx\/index.php?rest_route=\/wp\/v2\/users\/2"}],"replies":[{"embeddable":true,"href":"https:\/\/zonaroja.com.mx\/index.php?rest_route=%2Fwp%2Fv2%2Fcomments&post=70567"}],"version-history":[{"count":1,"href":"https:\/\/zonaroja.com.mx\/index.php?rest_route=\/wp\/v2\/posts\/70567\/revisions"}],"predecessor-version":[{"id":70569,"href":"https:\/\/zonaroja.com.mx\/index.php?rest_route=\/wp\/v2\/posts\/70567\/revisions\/70569"}],"wp:featuredmedia":[{"embeddable":true,"href":"https:\/\/zonaroja.com.mx\/index.php?rest_route=\/wp\/v2\/media\/70568"}],"wp:attachment":[{"href":"https:\/\/zonaroja.com.mx\/index.php?rest_route=%2Fwp%2Fv2%2Fmedia&parent=70567"}],"wp:term":[{"taxonomy":"category","embeddable":true,"href":"https:\/\/zonaroja.com.mx\/index.php?rest_route=%2Fwp%2Fv2%2Fcategories&post=70567"},{"taxonomy":"post_tag","embeddable":true,"href":"https:\/\/zonaroja.com.mx\/index.php?rest_route=%2Fwp%2Fv2%2Ftags&post=70567"}],"curies":[{"name":"wp","href":"https:\/\/api.w.org\/{rel}","templated":true}]}}