{"id":7057,"date":"2019-12-28T09:26:03","date_gmt":"2019-12-28T15:26:03","guid":{"rendered":"http:\/\/www.zonaroja.com.mx\/?p=7057"},"modified":"2019-12-28T07:27:46","modified_gmt":"2019-12-28T13:27:46","slug":"garcia-luna-desviaba-espiaba-y-vivia-como-rey-en-miami","status":"publish","type":"post","link":"https:\/\/zonaroja.com.mx\/?p=7057","title":{"rendered":"Garc\u00eda Luna desviaba, espiaba y viv\u00eda como rey en Miami"},"content":{"rendered":"\n<p>Redacci\u00f3n\/Zona Roja Cdmx.<\/p>\n\n\n\n<p>Ciudad de M\u00e9xico, 28 de diciembre de\n2019.- El gobierno federal indaga triangulaciones con dinero p\u00fablico hechas por\nGenaro Garc\u00eda Luna a empresas de seguridad que despu\u00e9s transfer\u00edan a sociedades\nde sus familiares, inform\u00f3 hoy el diario \u201cReforma\u201d.<\/p>\n\n\n\n<p>Junto con ello, se investiga la\nadquisici\u00f3n de un equipo de espionaje en 2008, cuando Garc\u00eda Luna era\nSecretario de Seguridad del Gobierno del Presidente Felipe Calder\u00f3n, que\nposteriormente es entregado a una empresa privada, asociada al funcionario,\npara realizar espionaje privado, detall\u00f3 el rotativo.<\/p>\n\n\n\n<p>La empresa Nunvav Inc, constituida en\nPanam\u00e1 en 2011, vinculada tambi\u00e9n en indagatorias sobre sobornos de Odebrecht\nfue la principal beneficiaria de los recursos p\u00fablicos presuntamente desviados\npor Garc\u00eda Luna, de acuerdo con Santiago Nieto, titular de la Unidad de\nInteligencia Financiera (UIF) de Hacienda.<\/p>\n\n\n\n<p>\u00abLa triangulaci\u00f3n de recursos a la\nempresa de la familia Garc\u00eda Luna y esta empresa paname\u00f1a termina pagando el\nestilo de vida del se\u00f1or Garc\u00eda Luna en Miami.<\/p>\n\n\n\n<p>Esta denuncia se ha presentado ante la\nFiscal\u00eda General de la Rep\u00fablica el 24 de diciembre de 2019&#8243;, asever\u00f3\nNieto en la conferencia matutina del Presidente Andr\u00e9s Manuel L\u00f3pez Obrador.<\/p>\n\n\n\n<p>De acuerdo con la nota principal, del\ndiario \u201cReforma\u201d, el ex Secretario de Seguridad enfrenta actualmente un proceso\nen EU por presunta colaboraci\u00f3n con c\u00e1rteles mexicanos del narcotr\u00e1fico.<\/p>\n\n\n\n<p>\u00abSe pudo identificar que la\ngeneraci\u00f3n de una empresa en el a\u00f1o 2011 en Panam\u00e1 (Nunvav) y, previamente a\nello, la adquisici\u00f3n de un software de espionaje por parte de la Secretar\u00eda de\nSeguridad P\u00fablica.<\/p>\n\n\n\n<p>\u201cEsta Secretar\u00eda durante el 2008 hizo\nla adquisici\u00f3n del software a una empresa que finalmente sigui\u00f3 utiliz\u00e1ndolo\nm\u00e1s all\u00e1 de las propias instalaciones de la Secretar\u00eda, es decir, se traslad\u00f3\nun software adquirido por recursos p\u00fablicos para una empresa de naturaleza\nprivada\u00bb, asegur\u00f3 Nieto.<\/p>\n\n\n\n<p>\u00abDurante 2013, 2017 y 2018 hay\npagos por 2 mil 623 millones de pesos y 77 millones de d\u00f3lares a una empresa\nque env\u00eda recursos entre otros espacios a Israel, Letonia, Panam\u00e1, China,\nEstados Unidos, Barbados y Curazao\u00bb, abund\u00f3.<\/p>\n\n\n\n<p>Es decir, las indagatorias abarcan\nmovimientos producidos en el sexenio de Calder\u00f3n y en el de Enrique Pe\u00f1a.<\/p>\n\n\n\n<p>Seg\u00fan un documento de la UIF, fueron\nidentificados recursos provenientes de la Tesorer\u00eda de la Federaci\u00f3n por m\u00e1s de\n711 millones de pesos, y de Gobernaci\u00f3n, v\u00eda el \u00f3rgano de Prevenci\u00f3n y Readaptaci\u00f3n\nSocial en 2017-2018 por 2 mil millones de pesos.<\/p>\n\n\n\n<p>LA TRIANGULACI\u00d3N:<\/p>\n\n\n\n<p>Nunvav Inc, desv\u00eda esos recursos a Tel\nAviv-Israel, Curacao, Letonia, Panam\u00e1, China, Estados Unidos y Bridgetown,\nBarbados.<\/p>\n\n\n\n<p>Conforme el reporte, Nunvav envi\u00f3 casi\n80 millones de pesos a tres empresas: Icit Holding, Icit Private Security\nM\u00e9xico y Operadora Grupo Gas Mart.<\/p>\n\n\n\n<p>Esta \u00faltima, a su vez, transfiri\u00f3 4.2\nmillones de pesos en 2016 a la empresa de Garc\u00eda Luna, Glac Security\nConsulting, Technology, Risk Management.<\/p>\n","protected":false},"excerpt":{"rendered":"<p>Redacci\u00f3n\/Zona Roja Cdmx. Ciudad de M\u00e9xico, 28 de diciembre de 2019.- El gobierno federal indaga&hellip;<\/p>\n","protected":false},"author":2,"featured_media":6606,"comment_status":"closed","ping_status":"open","sticky":false,"template":"","format":"standard","meta":{"_lmt_disableupdate":"","_lmt_disable":"","_jetpack_memberships_contains_paid_content":false,"footnotes":""},"categories":[109,47],"tags":[1123],"class_list":["post-7057","post","type-post","status-publish","format-standard","has-post-thumbnail","hentry","category-minuto-a-minuto","category-zona-gris","tag-genaro-garcia-luna"],"jetpack_featured_media_url":"https:\/\/zonaroja.com.mx\/wp-content\/uploads\/2019\/12\/Genaro-Garc\u00eda-Luna.jpg","jetpack_sharing_enabled":true,"_links":{"self":[{"href":"https:\/\/zonaroja.com.mx\/index.php?rest_route=\/wp\/v2\/posts\/7057","targetHints":{"allow":["GET"]}}],"collection":[{"href":"https:\/\/zonaroja.com.mx\/index.php?rest_route=\/wp\/v2\/posts"}],"about":[{"href":"https:\/\/zonaroja.com.mx\/index.php?rest_route=\/wp\/v2\/types\/post"}],"author":[{"embeddable":true,"href":"https:\/\/zonaroja.com.mx\/index.php?rest_route=\/wp\/v2\/users\/2"}],"replies":[{"embeddable":true,"href":"https:\/\/zonaroja.com.mx\/index.php?rest_route=%2Fwp%2Fv2%2Fcomments&post=7057"}],"version-history":[{"count":1,"href":"https:\/\/zonaroja.com.mx\/index.php?rest_route=\/wp\/v2\/posts\/7057\/revisions"}],"predecessor-version":[{"id":7058,"href":"https:\/\/zonaroja.com.mx\/index.php?rest_route=\/wp\/v2\/posts\/7057\/revisions\/7058"}],"wp:featuredmedia":[{"embeddable":true,"href":"https:\/\/zonaroja.com.mx\/index.php?rest_route=\/wp\/v2\/media\/6606"}],"wp:attachment":[{"href":"https:\/\/zonaroja.com.mx\/index.php?rest_route=%2Fwp%2Fv2%2Fmedia&parent=7057"}],"wp:term":[{"taxonomy":"category","embeddable":true,"href":"https:\/\/zonaroja.com.mx\/index.php?rest_route=%2Fwp%2Fv2%2Fcategories&post=7057"},{"taxonomy":"post_tag","embeddable":true,"href":"https:\/\/zonaroja.com.mx\/index.php?rest_route=%2Fwp%2Fv2%2Ftags&post=7057"}],"curies":[{"name":"wp","href":"https:\/\/api.w.org\/{rel}","templated":true}]}}