{"id":70579,"date":"2024-07-21T07:03:21","date_gmt":"2024-07-21T13:03:21","guid":{"rendered":"https:\/\/zonaroja.com.mx\/?p=70579"},"modified":"2024-07-21T07:03:23","modified_gmt":"2024-07-21T13:03:23","slug":"arrancan-con-intensidad-fiestas-de-la-guelaguetza-2024","status":"publish","type":"post","link":"https:\/\/zonaroja.com.mx\/?p=70579","title":{"rendered":"Arrancan con intensidad fiestas de la Guelaguetza 2024"},"content":{"rendered":"\n<p>Redacci\u00f3n\/Zona Roja.<\/p>\n\n\n\n<p>Oaxaca de Ju\u00e1rez, Oax., a 21 de julio de 2024.- Con el desfile de las delegaciones que participar\u00e1n el primer Lunes del Cerro; la inauguraci\u00f3n de ferias y exposiciones, as\u00ed como el regreso del \u201cBani Stui Gulal\u201d, despu\u00e9s de 14 a\u00f1os, arrancaron con intensidad las fiestas de la Guelaguetza.<\/p>\n\n\n\n<p>Anoche, y luego de casi tres lustros de ausencia, el \u201cBani Stui Gulal\u201d -que significa repetici\u00f3n de lo antiguo- se present\u00f3 nuevamente; ahora, en el auditorio \u201cGuelaguetza\u201d ante miles de espectadores que se deleitaron con esta expresi\u00f3n folcl\u00f3rica que relata el origen e historia de la m\u00e1xima fiesta del pueblo oaxaque\u00f1o.<\/p>\n\n\n\n<p>Esta representaci\u00f3n muestra a trav\u00e9s de la m\u00fasica, danza y &nbsp;poes\u00eda la transformaci\u00f3n de esta celebraci\u00f3n, desde la \u00e9poca prehisp\u00e1nica hasta la contempor\u00e1nea, en la que participaron m\u00e1s de 300 personas en escena en un espect\u00e1culo con m\u00fasica, color y alegr\u00eda.<\/p>\n\n\n\n<p>Ante miles de espectadores, entre visitantes y locales, nuevamente esta escenificaci\u00f3n rememor\u00f3 los origines de las tradiciones oaxaque\u00f1as, encuentro al que asisti\u00f3 el gobernador de Oaxaca, Salom\u00f3n Jara Cruz, acompa\u00f1ado de la representante de la Diosa Cent\u00e9otl 2024, Juana Hern\u00e1ndez L\u00f3pez.<\/p>\n\n\n\n<p>La muestra teatral termin\u00f3 con la quema de fuegos artificiales que marca el inicio de estas fiestas, orgullo de Oaxaca.<\/p>\n\n\n\n<p>La primera presentaci\u00f3n del Bani Stui Gulal fue en 1969, cont\u00f3 con la participaci\u00f3n de 65 personas y con el paso de los a\u00f1os se enriqueci\u00f3; en 2009 se suspendi\u00f3 y en este 2024, con el respaldo del gobierno de la \u201cPrimavera Oaxaque\u00f1a\u201d, nuevamente se presenta para el deleite de espectadores.<\/p>\n\n\n\n<p>EL DESFILE<\/p>\n\n\n\n<p>Previo a ello y dirigidas por el caracter\u00edstico sonido de las chirim\u00edas y tambores, que desde tiempos remotos acompa\u00f1an las calendas, las delegaciones participantes en el primer Lunes del Cerro, realizaron el recorrido del Primer Desfile de Delegaciones 2024, partiendo de la ic\u00f3nica fuente de las Ocho Regiones, en la capital oaxaque\u00f1a.&nbsp;<\/p>\n\n\n\n<p>Al son de la Banda de M\u00fasica del Estado, las 28 delegaciones asistentes fueron acompa\u00f1adas por el gobernador Salom\u00f3n Jara Cruz; la presidenta honoraria del Sistema Estatal para el Desarrollo Integral de la Familia (DIF), Irma Bola\u00f1os Quijano, y la representante de la Diosa Cent\u00e9otl 2024, Juana Hern\u00e1ndez L\u00f3pez.<\/p>\n\n\n\n<p>As\u00ed, al transitar por la Calzada Porfirio D\u00edaz, las \u201cChinas Oaxaque\u00f1as\u201d de Genoveva Medina, compartieron su alegr\u00eda con las personas asistentes, mientras que San Melchor Betaza interpret\u00f3 sus sones, engalanados con las pulcras y blancas ropas que les distinguen, seguidos por integrantes de Santa Luc\u00eda del Camino y el Barrio de La Soledad quienes portaron sus trajes caracter\u00edsticos.<\/p>\n\n\n\n<p>Continuando su recorrido por la avenida Benito Ju\u00e1rez y la calle Mariano Abasolo, San Pedro Pochutla y Ejutla de Crespo, mostraron la algarab\u00eda de sus bailes, aunado al color de los trajes de Santa Mar\u00eda Zacatepec, Santiago Pinotepa Nacional, Santiago Zacatepec, Putla Villa de Guerrero y Loma bonita.<\/p>\n\n\n\n<p>Villa Hidalgo Yalalag, San Francisco del Mar, San Carlos Yautepec, Santiago Llano Grande, la Villa de Zaachila, Santo Domingo Tehuantepec, San Felipe Jalapa de D\u00edaz, San Juan Bautista Tuxtepec y San Pablo Macuiltianguis dejaron la esencia de su cultura y arte, al pasar por las calles de Macedonio Alcal\u00e1 y la Avenida Jos\u00e9 Mar\u00eda Morelos, ante las miradas de admiraci\u00f3n tanto de personas locales como turismo nacional y extranjero.&nbsp;<\/p>\n\n\n\n<p>Por su parte Asunci\u00f3n Ixtaltepec, las Chinas Oaxaque\u00f1as de Casilda, Santiago Juxtlahuaca, Huajuapan de Le\u00f3n, Santos Reyes Nopala, San Antonino Castillo Velasco, El Espinal y Cuil\u00e1pam de Guerrero no pod\u00edan faltar a este magno evento que tuvo su tramo final pasando por la Plaza de la Danza para as\u00ed culminar en el hist\u00f3rico Barrio del Ex Marquesado.<\/p>\n\n\n\n<p>Cabe mencionar que, previo al desfile las 16 etnias y el pueblo afromexicano que participar\u00e1n en el primer Lunes del Cerro de la Guelaguetza 2024 se reunieron en la tradicional Comida de la Hermandad.<\/p>\n\n\n\n<p>Esto, ante quien representa a la &nbsp;Diosa Cent\u00e9otl 2024 y el Comit\u00e9 Intercultural , as\u00ed como el embajador de Estados Unidos en M\u00e9xico, Ken Salazar.<\/p>\n\n\n\n<p>LAS FERIAS<\/p>\n\n\n\n<p>Al mediod\u00eda y con la participaci\u00f3n de m\u00e1s de 300 personas expositoras de mezcal, caf\u00e9, artesan\u00edas y agroindustriales, el gobernador Salom\u00f3n Jara Cruz inaugur\u00f3 la edici\u00f3n 25 de la Feria del Mezcal 2024, que se realiza del 20 al 30 de julio en el Centro Cultural y de Convenciones de Oaxaca (CCCO).<\/p>\n\n\n\n<p>Acompa\u00f1ado de la representante de la Diosa Cent\u00e9otl 2024, Juana Hern\u00e1ndez L\u00f3pez, el mandatario estatal recorri\u00f3 los stands de esta feria -que se realiza en el marco de las actividades de Julio, mes de la Guelaguetza- a fin de conocer la gran variedad de esta bebida ancestral de las y los oaxaque\u00f1os, reconocida a nivel nacional e internacional por su calidad y caracter\u00edsticas \u00fanicas.<\/p>\n\n\n\n<p>En su oportunidad, el secretario de Desarrollo Econ\u00f3mico Ra\u00fal Ru\u00edz Robles inform\u00f3 que en esta edici\u00f3n las y los productores est\u00e1n distribuidos en seis pabellones que albergan a 95 empresas de mezcal certificado y sus derivados; 20 agroindustriales; 200 casas de artesan\u00edas; 15 creadoras de cerveza artesanal; 21 de caf\u00e9 org\u00e1nico y 15 de comida tradicional.<\/p>\n\n\n\n<p>Agreg\u00f3 que adem\u00e1s de la bebida de agave se presentan exposiciones de textiles, alfarer\u00eda, cer\u00e1mica, fibras vegetales, madera tallada, talabarter\u00eda y papeler\u00eda; arte en cantera, cart\u00f3n, hueso y otros materiales; as\u00ed como productos de higiene personal; conservas; alimentos sin az\u00facar, dulcer\u00eda, abarrotes y alimentos industrializados.<\/p>\n\n\n\n<p>Es de resaltar que en esta ocasi\u00f3n la Feria del Queso y el Quesillo participa con 15 stands. Este evento tambi\u00e9n contar\u00e1 con programas art\u00edsticos y culturales, adem\u00e1s de talleres, asesor\u00edas y capacitaciones a empresas participantes, con el objetivo de brindar herramientas que permitan crecer sus negocios.<\/p>\n\n\n\n<p>Asimismo, se desarrollar\u00e1n mesas de negocios para que empresas nacionales conozcan la oferta local, impulsando as\u00ed a micro, peque\u00f1as o medianas empresas (Mipymes) a nuevos mercados, sin intermediarios, con asesor\u00eda y acompa\u00f1amiento en los tr\u00e1mites necesarios.<\/p>\n\n\n\n<p>Quienes deseen asistir a esta actividad podr\u00e1n hacerlo en un horario de 11:00 a 22:00 horas en el CCCO ubicado en el municipio de Santa Luc\u00eda del Camino.&nbsp;<\/p>\n","protected":false},"excerpt":{"rendered":"<p>Redacci\u00f3n\/Zona Roja. Oaxaca de Ju\u00e1rez, Oax., a 21 de julio de 2024.- Con el desfile&hellip;<\/p>\n","protected":false},"author":2,"featured_media":70582,"comment_status":"closed","ping_status":"open","sticky":false,"template":"","format":"standard","meta":{"_lmt_disableupdate":"","_lmt_disable":"","_jetpack_memberships_contains_paid_content":false,"footnotes":""},"categories":[109,46],"tags":[3972,939],"class_list":["post-70579","post","type-post","status-publish","format-standard","has-post-thumbnail","hentry","category-minuto-a-minuto","category-zona-blanca","tag-guelaguetza-2024","tag-salomon-jara-cruz"],"jetpack_featured_media_url":"https:\/\/zonaroja.com.mx\/wp-content\/uploads\/2024\/07\/Fiesta-Guelaguetza-Oaxaca.jpg","jetpack_sharing_enabled":true,"_links":{"self":[{"href":"https:\/\/zonaroja.com.mx\/index.php?rest_route=\/wp\/v2\/posts\/70579","targetHints":{"allow":["GET"]}}],"collection":[{"href":"https:\/\/zonaroja.com.mx\/index.php?rest_route=\/wp\/v2\/posts"}],"about":[{"href":"https:\/\/zonaroja.com.mx\/index.php?rest_route=\/wp\/v2\/types\/post"}],"author":[{"embeddable":true,"href":"https:\/\/zonaroja.com.mx\/index.php?rest_route=\/wp\/v2\/users\/2"}],"replies":[{"embeddable":true,"href":"https:\/\/zonaroja.com.mx\/index.php?rest_route=%2Fwp%2Fv2%2Fcomments&post=70579"}],"version-history":[{"count":1,"href":"https:\/\/zonaroja.com.mx\/index.php?rest_route=\/wp\/v2\/posts\/70579\/revisions"}],"predecessor-version":[{"id":70583,"href":"https:\/\/zonaroja.com.mx\/index.php?rest_route=\/wp\/v2\/posts\/70579\/revisions\/70583"}],"wp:featuredmedia":[{"embeddable":true,"href":"https:\/\/zonaroja.com.mx\/index.php?rest_route=\/wp\/v2\/media\/70582"}],"wp:attachment":[{"href":"https:\/\/zonaroja.com.mx\/index.php?rest_route=%2Fwp%2Fv2%2Fmedia&parent=70579"}],"wp:term":[{"taxonomy":"category","embeddable":true,"href":"https:\/\/zonaroja.com.mx\/index.php?rest_route=%2Fwp%2Fv2%2Fcategories&post=70579"},{"taxonomy":"post_tag","embeddable":true,"href":"https:\/\/zonaroja.com.mx\/index.php?rest_route=%2Fwp%2Fv2%2Ftags&post=70579"}],"curies":[{"name":"wp","href":"https:\/\/api.w.org\/{rel}","templated":true}]}}