{"id":70584,"date":"2024-07-21T09:05:00","date_gmt":"2024-07-21T15:05:00","guid":{"rendered":"https:\/\/zonaroja.com.mx\/?p=70584"},"modified":"2024-07-21T09:12:50","modified_gmt":"2024-07-21T15:12:50","slug":"encarcelan-a-pastor-evangelico-en-oaxaca-por-no-profesar-catolicismo","status":"publish","type":"post","link":"https:\/\/zonaroja.com.mx\/?p=70584","title":{"rendered":"Encarcelan a pastor evang\u00e9lico en Oaxaca por no profesar catolicismo"},"content":{"rendered":"\n<p>Raymundo Morales\/Zona Roja.<\/p>\n\n\n\n<p>Oaxaca de Ju\u00e1rez, Oax., a 21 de julio de 2024.- En un nuevo acto de intolerancia religiosa en Oaxaca, un pastor evang\u00e9lico fue encarcelado por no profesar ni practicar la fe cat\u00f3lica.<\/p>\n\n\n\n<p>Lo anterior ocurri\u00f3 ayer en la localidad de Monte Negro, perteneciente al municipio de San Juan Bautista Valle Nacional, en la regi\u00f3n de la Cuenca, en que fue encarcelado Tito Mariano M\u00e9ndez, por parte de las autoridades del lugar.<\/p>\n\n\n\n<p>Lo acusan falsamente de no cumplir con los cargos comunitarios, pero apenas el a\u00f1o pasado tuvo un cargo que cumpli\u00f3 cabalmente.&nbsp;<\/p>\n\n\n\n<p>Su encarcelamiento se debe a que predica la palabra de Dios. \u201cSu aprisionamiento es un vergonzoso hecho que se suma a la expulsi\u00f3n sin motivo de su hijo de la escuela p\u00fablica del lugar y la quema de su hogar hace cinco a\u00f1os\u201d, dio a conocer el abogado cristiano Porfirio Flores.&nbsp;<\/p>\n\n\n\n<p>Lament\u00f3 que de nueva cuenta Oaxaca, la tierra de don Benito Ju\u00e1rez el m\u00e1s liberal y libertario de los gobernantes de M\u00e9xico, promotor incansable del Estado laico sea caricaturizado con estos hechos que regresan a los tiempos de la inquisici\u00f3n.<\/p>\n\n\n\n<p>Pidi\u00f3 a las autoridades de la Secretar\u00eda de Gobernaci\u00f3n; Secretar\u00eda de Gobierno de Oaxaca; Fiscal\u00eda General del Estado de Oaxaca; Comisi\u00f3n Nacional de Derechos Humanos y Defensor\u00eda de los Derechos Humanos del Pueblo de Oaxaca, intervenir a la brevedad.<\/p>\n","protected":false},"excerpt":{"rendered":"<p>Raymundo Morales\/Zona Roja. Oaxaca de Ju\u00e1rez, Oax., a 21 de julio de 2024.- En un&hellip;<\/p>\n","protected":false},"author":2,"featured_media":70580,"comment_status":"closed","ping_status":"open","sticky":false,"template":"","format":"standard","meta":{"_lmt_disableupdate":"","_lmt_disable":"","_jetpack_memberships_contains_paid_content":false,"footnotes":""},"categories":[109,47],"tags":[1824],"class_list":["post-70584","post","type-post","status-publish","format-standard","has-post-thumbnail","hentry","category-minuto-a-minuto","category-zona-gris","tag-san-juan-bautista-valle-nacional"],"jetpack_featured_media_url":"https:\/\/zonaroja.com.mx\/wp-content\/uploads\/2024\/07\/Pastor-evangelico-encarcelado.jpg","jetpack_sharing_enabled":true,"_links":{"self":[{"href":"https:\/\/zonaroja.com.mx\/index.php?rest_route=\/wp\/v2\/posts\/70584","targetHints":{"allow":["GET"]}}],"collection":[{"href":"https:\/\/zonaroja.com.mx\/index.php?rest_route=\/wp\/v2\/posts"}],"about":[{"href":"https:\/\/zonaroja.com.mx\/index.php?rest_route=\/wp\/v2\/types\/post"}],"author":[{"embeddable":true,"href":"https:\/\/zonaroja.com.mx\/index.php?rest_route=\/wp\/v2\/users\/2"}],"replies":[{"embeddable":true,"href":"https:\/\/zonaroja.com.mx\/index.php?rest_route=%2Fwp%2Fv2%2Fcomments&post=70584"}],"version-history":[{"count":1,"href":"https:\/\/zonaroja.com.mx\/index.php?rest_route=\/wp\/v2\/posts\/70584\/revisions"}],"predecessor-version":[{"id":70585,"href":"https:\/\/zonaroja.com.mx\/index.php?rest_route=\/wp\/v2\/posts\/70584\/revisions\/70585"}],"wp:featuredmedia":[{"embeddable":true,"href":"https:\/\/zonaroja.com.mx\/index.php?rest_route=\/wp\/v2\/media\/70580"}],"wp:attachment":[{"href":"https:\/\/zonaroja.com.mx\/index.php?rest_route=%2Fwp%2Fv2%2Fmedia&parent=70584"}],"wp:term":[{"taxonomy":"category","embeddable":true,"href":"https:\/\/zonaroja.com.mx\/index.php?rest_route=%2Fwp%2Fv2%2Fcategories&post=70584"},{"taxonomy":"post_tag","embeddable":true,"href":"https:\/\/zonaroja.com.mx\/index.php?rest_route=%2Fwp%2Fv2%2Ftags&post=70584"}],"curies":[{"name":"wp","href":"https:\/\/api.w.org\/{rel}","templated":true}]}}