{"id":70586,"date":"2024-07-21T10:00:00","date_gmt":"2024-07-21T16:00:00","guid":{"rendered":"https:\/\/zonaroja.com.mx\/?p=70586"},"modified":"2024-07-21T07:12:46","modified_gmt":"2024-07-21T13:12:46","slug":"lopez-obrador-defiende-y-exculpa-de-nuevo-al-ejercito-en-caso-ayotzinapa","status":"publish","type":"post","link":"https:\/\/zonaroja.com.mx\/?p=70586","title":{"rendered":"L\u00f3pez Obrador defiende y exculpa de nuevo al Ej\u00e9rcito en caso Ayotzinapa"},"content":{"rendered":"\n<p>Redacci\u00f3n\/Zona Roja Cdmx.<\/p>\n\n\n\n<p>Ciudad de M\u00e9xico, a 21 de julio de 2024.- El presidente Andr\u00e9s Manuel L\u00f3pez Obrador reconoci\u00f3 la responsabilidad del Estado en la desaparici\u00f3n de los estudiantes de Ayotzinapa, el 26 de septiembre de 2014, por la omisi\u00f3n y fabricaci\u00f3n de la llamada \u2018verdad hist\u00f3rica\u2019 por parte de funcionarios, al tiempo que indic\u00f3 que los se\u00f1alamientos que apuntan al Ej\u00e9rcito mexicano buscan debilitar a esa instituci\u00f3n.<\/p>\n\n\n\n<p>L\u00f3pez Obrador entreg\u00f3 el pasado 8 de julio su primer reporte personal a los padres y madres de los estudiantes desaparecidos.<\/p>\n\n\n\n<p>En el texto, el mandatario plantea que a trav\u00e9s del caso Ayotzinapa, defensores de derechos humanos, organismos internaciones como la OEA y agencias del gobierno de Estados Unidos, opositores y periodistas buscan debilitar al Ej\u00e9rcito mexicano y han emprendido una campa\u00f1a de desprestigio en su contra.<\/p>\n\n\n\n<p>En la entrada del reporte, L\u00f3pez Obrador record\u00f3 que \u201clas autoridades de ese entonces buscaron, por diversos motivos, ocultar la verdad de los hechos e inventaron la llamada&nbsp;\u2018verdad hist\u00f3rica\u2019\u201d. Posteriormente, dijo, \u201cse involucr\u00f3 a quienes no participaron en la desaparici\u00f3n de los j\u00f3venes\u201d.<\/p>\n\n\n\n<p>Adem\u00e1s, \u201cse dej\u00f3 en libertad a quienes s\u00ed son responsables\u201d y con el paso del tiempo empezaron a sostener sin pruebas que los culpables de la tragedia \u201cno fueron las autoridades locales, estatales y municipales de Guerrero, ni la banda de delincuentes que operaba en esa regi\u00f3n, totalmente coludidos con dichos funcionarios\u201d.<\/p>\n\n\n\n<p>Y que en este crimen, \u201cla culpa mayor recae en los soldados de la Secretar\u00eda de la Defensa Nacional\u201d, con el manejo de la consigna de que&nbsp;\u201cfue el Estado\u201d&nbsp;y espec\u00edficamente&nbsp;\u201cfue el Ej\u00e9rcito&nbsp;mexicano\u201d.<\/p>\n\n\n\n<p>\u201cNo hay duda de la responsabilidad del Estado, ya sea por omisi\u00f3n, ocultamiento y fabricaci\u00f3n de la llamada&nbsp;\u2018verdad hist\u00f3rica\u2019&nbsp;de los funcionarios federales, estatales y municipales involucrados, pero el se\u00f1alamiento al Ej\u00e9rcito, sin pruebas, me produce mucha desconfianza y sostengo que podr\u00eda obedecer a un af\u00e1n de venganza de personas o instancias del extranjero para debilitar a una instituci\u00f3n fundamental del Estado mexicano\u201d, apunt\u00f3.<\/p>\n\n\n\n<p>Record\u00f3 que los padres y madres de los j\u00f3venes desaparecidos han visitado las instalaciones militares de Iguala, Guerrero, \u201cy siempre se les ha respondido a todas sus solicitudes de informaci\u00f3n\u201d; incluso, dijo, se les ha permitido entrar a los archivos, con el ofrecimiento de que pueden revisar los documentos con el apoyo de especialistas y universidades.<\/p>\n\n\n\n<p>\u201cHacia adelante, en el tiempo que me queda como presidente -deja el cargo el 30 de septiembre- continuaremos la b\u00fasqueda de los j\u00f3venes estudiantes desaparecidos y no descansaremos hasta conocer toda la verdad sobre este doloroso, injusto e indignante suceso\u201d, apunt\u00f3.<\/p>\n\n\n\n<p>El mandatario espera que antes de su \u00faltimo informe de gobierno, el 1 de septiembre, \u201cpodamos, para satisfacci\u00f3n de las madres, padres y familiares y del pueblo de M\u00e9xico, cumplir el compromiso de encontrar a los j\u00f3venes de Ayotzinapa y saber con mayor precisi\u00f3n lo sucedido; es decir, la irrefutable y aut\u00e9ntica verdad de los hechos\u201d.<\/p>\n\n\n\n<p>(Informaci\u00f3n de la agencia EFE en \u201cEl Financiero\u201d)<\/p>\n","protected":false},"excerpt":{"rendered":"<p>Redacci\u00f3n\/Zona Roja Cdmx. Ciudad de M\u00e9xico, a 21 de julio de 2024.- El presidente Andr\u00e9s&hellip;<\/p>\n","protected":false},"author":2,"featured_media":70587,"comment_status":"closed","ping_status":"open","sticky":false,"template":"","format":"standard","meta":{"_lmt_disableupdate":"","_lmt_disable":"","_jetpack_memberships_contains_paid_content":false,"footnotes":""},"categories":[109,47],"tags":[1816,143],"class_list":["post-70586","post","type-post","status-publish","format-standard","has-post-thumbnail","hentry","category-minuto-a-minuto","category-zona-gris","tag-43-desaparecidos-ayotzinapa","tag-andres-manuel-lopez-obrador"],"jetpack_featured_media_url":"https:\/\/zonaroja.com.mx\/wp-content\/uploads\/2024\/07\/Lopez-Obrador-playera-de-los-43.jpeg","jetpack_sharing_enabled":true,"_links":{"self":[{"href":"https:\/\/zonaroja.com.mx\/index.php?rest_route=\/wp\/v2\/posts\/70586","targetHints":{"allow":["GET"]}}],"collection":[{"href":"https:\/\/zonaroja.com.mx\/index.php?rest_route=\/wp\/v2\/posts"}],"about":[{"href":"https:\/\/zonaroja.com.mx\/index.php?rest_route=\/wp\/v2\/types\/post"}],"author":[{"embeddable":true,"href":"https:\/\/zonaroja.com.mx\/index.php?rest_route=\/wp\/v2\/users\/2"}],"replies":[{"embeddable":true,"href":"https:\/\/zonaroja.com.mx\/index.php?rest_route=%2Fwp%2Fv2%2Fcomments&post=70586"}],"version-history":[{"count":1,"href":"https:\/\/zonaroja.com.mx\/index.php?rest_route=\/wp\/v2\/posts\/70586\/revisions"}],"predecessor-version":[{"id":70588,"href":"https:\/\/zonaroja.com.mx\/index.php?rest_route=\/wp\/v2\/posts\/70586\/revisions\/70588"}],"wp:featuredmedia":[{"embeddable":true,"href":"https:\/\/zonaroja.com.mx\/index.php?rest_route=\/wp\/v2\/media\/70587"}],"wp:attachment":[{"href":"https:\/\/zonaroja.com.mx\/index.php?rest_route=%2Fwp%2Fv2%2Fmedia&parent=70586"}],"wp:term":[{"taxonomy":"category","embeddable":true,"href":"https:\/\/zonaroja.com.mx\/index.php?rest_route=%2Fwp%2Fv2%2Fcategories&post=70586"},{"taxonomy":"post_tag","embeddable":true,"href":"https:\/\/zonaroja.com.mx\/index.php?rest_route=%2Fwp%2Fv2%2Ftags&post=70586"}],"curies":[{"name":"wp","href":"https:\/\/api.w.org\/{rel}","templated":true}]}}