{"id":70591,"date":"2024-07-21T10:00:00","date_gmt":"2024-07-21T16:00:00","guid":{"rendered":"https:\/\/zonaroja.com.mx\/?p=70591"},"modified":"2024-07-21T07:28:07","modified_gmt":"2024-07-21T13:28:07","slug":"intensifica-senador-electo-recorridos-para-hablar-sobre-reformas-al-poder-judicial","status":"publish","type":"post","link":"https:\/\/zonaroja.com.mx\/?p=70591","title":{"rendered":"Intensifica senador electo recorridos para hablar sobre reformas al Poder Judicial"},"content":{"rendered":"\n<p>Raymundo Morales\/Zona Roja.<\/p>\n\n\n\n<p>Oaxaca de Ju\u00e1rez, Oax., a 21 de julio de 2024.- El senador electo por Oaxaca, Antonino Morales Toledo, intensific\u00f3 sus recorridos por el interior del estado, para hablar con la poblaci\u00f3n acerca de la reforma al Poder Judicial de la Federaci\u00f3n.<\/p>\n\n\n\n<p>Este fin de semana acudi\u00f3 a San Pedro Huamelula, Santiago Astata y Santiago Laollaga, donde los cientos de habitantes congregados dijeron s\u00ed a dichos cambios legales.<\/p>\n\n\n\n<p>El joven pol\u00edtico, reconocido como la \u201cAut\u00e9ntica Voz del Pueblo\u201d, se\u00f1al\u00f3 que sus hermanos chontales y zapotecos, alzaron la mano, para respaldar esta iniciativa del Presidente Andr\u00e9s Manuel L\u00f3pez Obrador, porque propone terminar con la corrupci\u00f3n y privilegios.<\/p>\n\n\n\n<p>El militante del Partido Morena aplaudi\u00f3 el entusiasmo de sus paisanas y paisanos por escuchar&nbsp;en qu\u00e9 consiste la reforma, sus beneficios y c\u00f3mo se propone terminar con la corrupci\u00f3n y los privilegios.<\/p>\n\n\n\n<p>En los recorridos, Nino Morales estuvo acompa\u00f1ado de su amigo de lucha V\u00edctor Hugo Sosa Garc\u00eda, presidente municipal de San Pedro Huamelula, y tambi\u00e9n Dennis Garc\u00eda Guti\u00e9rrez, diputada local.<\/p>\n\n\n\n<p>Tambi\u00e9n por \u00d3scar Eduardo Ric\u00e1rdez Medina, presidente municipal de Santiago Laollaga; Gloriela Castellanos Robles, presidenta del DIF Municipal; Alberto Gallegos, s\u00edndico municipal; y V\u00edctor Manuel Ram\u00edrez Jim\u00e9nez, diputado suplente.<\/p>\n\n\n\n<p>Adem\u00e1s de&nbsp;Felipe Ben\u00edtez Dom\u00ednguez, presidente municipal de Santiago Laollaga; Basilio Manuel Guzm\u00e1n, presidente municipal electo; Rusel Castillo Mart\u00ednez, presidente municipal electo de Chahuites.<\/p>\n","protected":false},"excerpt":{"rendered":"<p>Raymundo Morales\/Zona Roja. Oaxaca de Ju\u00e1rez, Oax., a 21 de julio de 2024.- El senador&hellip;<\/p>\n","protected":false},"author":2,"featured_media":70581,"comment_status":"closed","ping_status":"open","sticky":false,"template":"","format":"standard","meta":{"_lmt_disableupdate":"","_lmt_disable":"","_jetpack_memberships_contains_paid_content":false,"footnotes":""},"categories":[109,46],"tags":[180],"class_list":["post-70591","post","type-post","status-publish","format-standard","has-post-thumbnail","hentry","category-minuto-a-minuto","category-zona-blanca","tag-antonino-morales-toledo"],"jetpack_featured_media_url":"https:\/\/zonaroja.com.mx\/wp-content\/uploads\/2024\/07\/Antonino-Morales-foro-Istmo.jpg","jetpack_sharing_enabled":true,"_links":{"self":[{"href":"https:\/\/zonaroja.com.mx\/index.php?rest_route=\/wp\/v2\/posts\/70591","targetHints":{"allow":["GET"]}}],"collection":[{"href":"https:\/\/zonaroja.com.mx\/index.php?rest_route=\/wp\/v2\/posts"}],"about":[{"href":"https:\/\/zonaroja.com.mx\/index.php?rest_route=\/wp\/v2\/types\/post"}],"author":[{"embeddable":true,"href":"https:\/\/zonaroja.com.mx\/index.php?rest_route=\/wp\/v2\/users\/2"}],"replies":[{"embeddable":true,"href":"https:\/\/zonaroja.com.mx\/index.php?rest_route=%2Fwp%2Fv2%2Fcomments&post=70591"}],"version-history":[{"count":1,"href":"https:\/\/zonaroja.com.mx\/index.php?rest_route=\/wp\/v2\/posts\/70591\/revisions"}],"predecessor-version":[{"id":70592,"href":"https:\/\/zonaroja.com.mx\/index.php?rest_route=\/wp\/v2\/posts\/70591\/revisions\/70592"}],"wp:featuredmedia":[{"embeddable":true,"href":"https:\/\/zonaroja.com.mx\/index.php?rest_route=\/wp\/v2\/media\/70581"}],"wp:attachment":[{"href":"https:\/\/zonaroja.com.mx\/index.php?rest_route=%2Fwp%2Fv2%2Fmedia&parent=70591"}],"wp:term":[{"taxonomy":"category","embeddable":true,"href":"https:\/\/zonaroja.com.mx\/index.php?rest_route=%2Fwp%2Fv2%2Fcategories&post=70591"},{"taxonomy":"post_tag","embeddable":true,"href":"https:\/\/zonaroja.com.mx\/index.php?rest_route=%2Fwp%2Fv2%2Ftags&post=70591"}],"curies":[{"name":"wp","href":"https:\/\/api.w.org\/{rel}","templated":true}]}}