{"id":70593,"date":"2024-07-21T11:31:00","date_gmt":"2024-07-21T17:31:00","guid":{"rendered":"https:\/\/zonaroja.com.mx\/?p=70593"},"modified":"2024-07-21T07:32:41","modified_gmt":"2024-07-21T13:32:41","slug":"insulto-trump-a-marcelo-ebrard-y-se-mofo-del-presidente-obrador","status":"publish","type":"post","link":"https:\/\/zonaroja.com.mx\/?p=70593","title":{"rendered":"\u00bfInsult\u00f3 Trump a Marcelo Ebrard y se mof\u00f3 del Presidente Obrador?"},"content":{"rendered":"\n<p>Redacci\u00f3n\/Zona Roja Cdmx.<\/p>\n\n\n\n<p>Ciudad de M\u00e9xico, a 21 de julio de 2024.- El discurso de Donald Trump gener\u00f3 un debate respecto a qui\u00e9n calific\u00f3 como un idiota con un coeficiente intelectual de 50 puntos y es que hablaba de su negociaci\u00f3n con M\u00e9xico, cuando se refiri\u00f3 a un tipo de bajo IQ que fue a negociar con Rusia y China.<\/p>\n\n\n\n<p>El ex embajador de Estados Unidos en M\u00e9xico, Christopher Landau, explic\u00f3 que \u201ces totalmente obvio que cuando Trump se refiere a una persona de baja inteligencia, se est\u00e1 refiriendo a nuestro presidente actual (Joe Biden) en sus negociaciones con Rusia, China y Francia\u201d.<\/p>\n\n\n\n<p>A\u00fan m\u00e1s, dijo en sus redes sociales, que Trump \u201cya no estaba hablando de M\u00e9xico ni de ning\u00fan mexicano. Tenemos demasiados retos verdaderos para estar creando desaires imaginarios\u201d, afirm\u00f3.<\/p>\n\n\n\n<p>En su discurso en Michigan, Donald Trump enumer\u00f3 cada uno de los supuestos antagonistas de Estados Unidos: desde Kim Jon-un, de Corea del Norte; Xi Jinping, de China; Vladimir Putin; de Rusia; y Emmanuel Macron, de Francia, e hizo alarde de llevar una buena relaci\u00f3n con todos ellos.<\/p>\n\n\n\n<p>Presumi\u00f3 llevarse muy bien con el presidente chino, dijo que es un gran tipo que incluso le envi\u00f3 una carta despu\u00e9s del atentado que sufri\u00f3 el s\u00e1bado pasado y destac\u00f3 haber obtenido cientos de billones de d\u00f3lares de China.<\/p>\n\n\n\n<p>ncluso presumi\u00f3 que estableci\u00f3 aranceles a los autos chinos y ahora ese mercado lo aprovecha M\u00e9xico.<\/p>\n\n\n\n<p>Despu\u00e9s se refiri\u00f3 al mandatario norcoreano y tambi\u00e9n afirm\u00f3 que, cuando gobern\u00f3 los Estados Unidos, se llev\u00f3 muy bien con \u00e9l y que los norteamericanos nunca estuvieron en peligro durante su mandato, a pesar de que la prensa siempre habla que tiene muchas armas nucleares.<\/p>\n\n\n\n<p>LAS FRASES<\/p>\n\n\n\n<p>Y entonces es cuando se refiere a todo lo logrado con M\u00e9xico durante su mandato:<\/p>\n\n\n\n<p>\u201cHicimos algo muy fuerte con M\u00e9xico, \u00bfsaben? Cuando yo estaba construyendo el muro, dije: \u2018Ustedes tienen que darnos 28 mil soldados\u2019 y se rieron de m\u00ed, y yo odio cuando la gente se r\u00ede de m\u00ed, lo odio. Fue muy irrespetuoso, ellos se rieron de m\u00ed. \u2018No vamos a hacer eso, \u00bfpor qu\u00e9 lo har\u00edamos?\u2019.<\/p>\n\n\n\n<p>\u00abY yo les dije: \u2018Porque tienen que hacerlo, nosotros estamos construyendo el muro, la gente est\u00e1 fluyendo a trav\u00e9s de su pa\u00eds. Queremos 28 mil soldados para protegernos mientras estamos construy\u00e9ndolo\u2019. Entonces dijeron: \u2018No, no, no\u2019 y despu\u00e9s les dije: &#8216;Si ustedes no lo hacen, nosotros les vamos a imponer una tarifa de 25 por ciento por cada auto que ustedes env\u00eden a Estados Unidos, y luego va a ser de 50 por ciento el pr\u00f3ximo mes, y luego de 75 por ciento, y luego ser\u00e1 del 100 por ciento y ah\u00ed me detendr\u00e9.&nbsp;<\/p>\n\n\n\n<p>\u00abEl caballero que representaba al presidente, el presidente es un gran tipo, ya no es presidente, pero es un gran tipo, fue un gran tipo, a\u00fan lo es, me dijo: \u2018Me gustar\u00eda discutirlo con el presidente\u2019 y yo les dije que cinco minutos, \u2018me tengo que ir porque tengo algo mucho m\u00e1s importante que hacer\u2019 y regres\u00f3 y dijo: \u2018Se\u00f1or presidente, nos encantar\u00e1 darle soldados para protegerlos sin costo, por supuesto\u2019, y es as\u00ed como obtuvimos esos grandiosos n\u00fameros, en esa hermosa, hermosa, gr\u00e1fica de la que habl\u00e1bamos. Nos dieron todo lo que yo quer\u00eda y tuve todo de M\u00e9xico\u201d, dijo.<\/p>\n\n\n\n<p>QUE NO FUE AS\u00cd<\/p>\n\n\n\n<p>Y fue entonces cuando, explica Landau, comenz\u00f3 la referencia a Biden: \u201cy luego, esta est\u00fapida persona, de bajo coeficiente intelectual, \u00e9l tiene un bajo IQ, es un individuo con bajo IQ, tomen su IQ y les garantizo que est\u00e1 en bajos 50 o 60 y est\u00e1 negociando contra Putin y el presidente Xi de China, Macron, de Francia, que es un tipo muy inteligente\u201d, para despu\u00e9s relatar la negociaci\u00f3n que tuvo con \u00e9ste \u00faltimo cuando intent\u00f3 gravar el champagne y los vinos franceses.<\/p>\n\n\n\n<p>Despu\u00e9s de detallar sus negociaciones, Trump pregunt\u00f3 a la audiencia: \u201c\u00bfCreen que Joe Biden hace eso? \u00c9l no sabe qu\u00e9 demonios est\u00e1 haciendo, sus pol\u00edticas no son buenas, recuerden que aunque sea Biden o cualquier otra persona, ellos quieren abrir las fronteras\u201d, afirm\u00f3.<\/p>\n\n\n\n<p>EL RECLAMO<\/p>\n\n\n\n<p>Luego de difundirse parte del discurso de Trump en Michigan, Marcelo Ebrard escribi\u00f3 en sus redes sociales:&nbsp;<\/p>\n\n\n\n<p>\u201cCuando te insultan en campa\u00f1a como acaba de hacerlo el ex presidente Trump, siempre hay un prop\u00f3sito electoral: ganar adeptos. Nunca aceptar\u00e9 calificaci\u00f3n de un candidato en el exterior. No me intimida. Defender\u00e9 los intereses de M\u00e9xico con toda dignidad y firmeza\u201d.<\/p>\n\n\n\n<p>De hecho, Ebrard agradeci\u00f3 un mensaje escrito por la virtual presidenta electa, Claudia Sheinbaum, en el que lament\u00f3 el lenguaje soez del ex presidente Trump y dijo que el ex canciller \u201ces uno de los mejores servidores p\u00fablicos de M\u00e9xico y ser\u00e1 un gran secretario de Econom\u00eda de nuestro pa\u00eds, que nadie debe olvidar, es libre y soberano\u201d.<\/p>\n\n\n\n<p>(Informaci\u00f3n de \u201cMilenio\u201d)<\/p>\n","protected":false},"excerpt":{"rendered":"<p>Redacci\u00f3n\/Zona Roja Cdmx. Ciudad de M\u00e9xico, a 21 de julio de 2024.- El discurso de&hellip;<\/p>\n","protected":false},"author":2,"featured_media":70594,"comment_status":"closed","ping_status":"open","sticky":false,"template":"","format":"standard","meta":{"_lmt_disableupdate":"","_lmt_disable":"","_jetpack_memberships_contains_paid_content":false,"footnotes":""},"categories":[109,47],"tags":[1060],"class_list":["post-70593","post","type-post","status-publish","format-standard","has-post-thumbnail","hentry","category-minuto-a-minuto","category-zona-gris","tag-donald-trump"],"jetpack_featured_media_url":"https:\/\/zonaroja.com.mx\/wp-content\/uploads\/2024\/07\/Obrador-Trump-y-Ebrard.webp","jetpack_sharing_enabled":true,"_links":{"self":[{"href":"https:\/\/zonaroja.com.mx\/index.php?rest_route=\/wp\/v2\/posts\/70593","targetHints":{"allow":["GET"]}}],"collection":[{"href":"https:\/\/zonaroja.com.mx\/index.php?rest_route=\/wp\/v2\/posts"}],"about":[{"href":"https:\/\/zonaroja.com.mx\/index.php?rest_route=\/wp\/v2\/types\/post"}],"author":[{"embeddable":true,"href":"https:\/\/zonaroja.com.mx\/index.php?rest_route=\/wp\/v2\/users\/2"}],"replies":[{"embeddable":true,"href":"https:\/\/zonaroja.com.mx\/index.php?rest_route=%2Fwp%2Fv2%2Fcomments&post=70593"}],"version-history":[{"count":1,"href":"https:\/\/zonaroja.com.mx\/index.php?rest_route=\/wp\/v2\/posts\/70593\/revisions"}],"predecessor-version":[{"id":70595,"href":"https:\/\/zonaroja.com.mx\/index.php?rest_route=\/wp\/v2\/posts\/70593\/revisions\/70595"}],"wp:featuredmedia":[{"embeddable":true,"href":"https:\/\/zonaroja.com.mx\/index.php?rest_route=\/wp\/v2\/media\/70594"}],"wp:attachment":[{"href":"https:\/\/zonaroja.com.mx\/index.php?rest_route=%2Fwp%2Fv2%2Fmedia&parent=70593"}],"wp:term":[{"taxonomy":"category","embeddable":true,"href":"https:\/\/zonaroja.com.mx\/index.php?rest_route=%2Fwp%2Fv2%2Fcategories&post=70593"},{"taxonomy":"post_tag","embeddable":true,"href":"https:\/\/zonaroja.com.mx\/index.php?rest_route=%2Fwp%2Fv2%2Ftags&post=70593"}],"curies":[{"name":"wp","href":"https:\/\/api.w.org\/{rel}","templated":true}]}}