{"id":70598,"date":"2024-07-21T19:30:44","date_gmt":"2024-07-22T01:30:44","guid":{"rendered":"https:\/\/zonaroja.com.mx\/?p=70598"},"modified":"2024-07-21T21:47:36","modified_gmt":"2024-07-22T03:47:36","slug":"domingo-fatal-matan-a-6-personas-entre-ellas-dos-mujeres","status":"publish","type":"post","link":"https:\/\/zonaroja.com.mx\/?p=70598","title":{"rendered":"Domingo fatal: matan a 6 personas, entre ellas dos mujeres"},"content":{"rendered":"\n<p>Raymundo Morales\/Zona Roja.<\/p>\n\n\n\n<p>Oaxaca de Ju\u00e1rez, Oax., a 21 de julio de 2024.- En menos de 12 horas, seis personas, entre ellas dos mujeres, fueron asesinadas en hechos distintos ocurridos en estado de Oaxaca.<\/p>\n\n\n\n<p>En Cuil\u00e1pam de Guerrero, municipio de la zona metropolitana de la capital, fueron ultimadas a balazos dos femeninas y un var\u00f3n, hechos ocurridos en un domicilio del paraje Yig\u00fci.<\/p>\n\n\n\n<p>Las v\u00edctimas fueron identificadas como Marina Juliana L., de 65 a\u00f1os de edad; Alondra L., de 19 a\u00f1os, y Mateo R. L., este \u00faltimo quien muri\u00f3 en un hospital horas despu\u00e9s del ataque armado.<\/p>\n\n\n\n<p>Por otra parte, en el municipio de Ejutla de Crespo, en la regi\u00f3n Valles Centrales, un taxista fue ejecutado a balazos durante la tarde de hoy.<\/p>\n\n\n\n<p>Fue en la calle Libertad, en el centro de la cabecera municipal, donde el conductor de la unidad de motor de servicio de alquiler fue acribillado, sin que hubiera personas detenidas; aun no ha sido identificado legalmente.<\/p>\n\n\n\n<p>Mientras tanto, en el paraje \u201cEl Moj\u00f3n\u201d, a la altura de la localidad de Puente Madera, municipio de San Blas Atempa, en la regi\u00f3n del Istmo, fue hallada una persona ejecutada a balazos.<\/p>\n\n\n\n<p>El cuerpo presentaba varios impactos de arma de fuego, huellas de tortura y se hallaba maniatado; tampoco hay reportes sobre su identidad.<\/p>\n\n\n\n<p>Mientras que en un centro de rehabilitaci\u00f3n de adicciones ubicado en San Mateo Macuilx\u00f3chitl, perteneciente al municipio de San Jer\u00f3nimo Tlacochahuaya, de la regi\u00f3n Valles Centrales, un individuo presuntamente fue asesinado.<\/p>\n\n\n\n<p>La Fiscal\u00eda General del Estado de Oaxaca dio a conocer que inici\u00f3 una carpeta de investigaci\u00f3n por el delito de homicidio, ocurrido en el centro \u201cVikingos\u201d; hasta el momento se desconocen las causas y la forma en que fue ultimado.<\/p>\n","protected":false},"excerpt":{"rendered":"<p>Raymundo Morales\/Zona Roja. Oaxaca de Ju\u00e1rez, Oax., a 21 de julio de 2024.- En menos&hellip;<\/p>\n","protected":false},"author":2,"featured_media":70599,"comment_status":"closed","ping_status":"open","sticky":false,"template":"","format":"standard","meta":{"_lmt_disableupdate":"","_lmt_disable":"","_jetpack_memberships_contains_paid_content":false,"footnotes":""},"categories":[109,51],"tags":[1719,702,179],"class_list":["post-70598","post","type-post","status-publish","format-standard","has-post-thumbnail","hentry","category-minuto-a-minuto","category-zona-roja","tag-cuilapam-de-guerrero","tag-ejutla-de-crespo","tag-san-blas-atempa"],"jetpack_featured_media_url":"https:\/\/zonaroja.com.mx\/wp-content\/uploads\/2024\/07\/Ejecutado-en-San-Blas-Atempa.jpg","jetpack_sharing_enabled":true,"_links":{"self":[{"href":"https:\/\/zonaroja.com.mx\/index.php?rest_route=\/wp\/v2\/posts\/70598","targetHints":{"allow":["GET"]}}],"collection":[{"href":"https:\/\/zonaroja.com.mx\/index.php?rest_route=\/wp\/v2\/posts"}],"about":[{"href":"https:\/\/zonaroja.com.mx\/index.php?rest_route=\/wp\/v2\/types\/post"}],"author":[{"embeddable":true,"href":"https:\/\/zonaroja.com.mx\/index.php?rest_route=\/wp\/v2\/users\/2"}],"replies":[{"embeddable":true,"href":"https:\/\/zonaroja.com.mx\/index.php?rest_route=%2Fwp%2Fv2%2Fcomments&post=70598"}],"version-history":[{"count":2,"href":"https:\/\/zonaroja.com.mx\/index.php?rest_route=\/wp\/v2\/posts\/70598\/revisions"}],"predecessor-version":[{"id":70607,"href":"https:\/\/zonaroja.com.mx\/index.php?rest_route=\/wp\/v2\/posts\/70598\/revisions\/70607"}],"wp:featuredmedia":[{"embeddable":true,"href":"https:\/\/zonaroja.com.mx\/index.php?rest_route=\/wp\/v2\/media\/70599"}],"wp:attachment":[{"href":"https:\/\/zonaroja.com.mx\/index.php?rest_route=%2Fwp%2Fv2%2Fmedia&parent=70598"}],"wp:term":[{"taxonomy":"category","embeddable":true,"href":"https:\/\/zonaroja.com.mx\/index.php?rest_route=%2Fwp%2Fv2%2Fcategories&post=70598"},{"taxonomy":"post_tag","embeddable":true,"href":"https:\/\/zonaroja.com.mx\/index.php?rest_route=%2Fwp%2Fv2%2Ftags&post=70598"}],"curies":[{"name":"wp","href":"https:\/\/api.w.org\/{rel}","templated":true}]}}