{"id":70601,"date":"2024-07-21T20:21:15","date_gmt":"2024-07-22T02:21:15","guid":{"rendered":"https:\/\/zonaroja.com.mx\/?p=70601"},"modified":"2024-07-21T20:21:16","modified_gmt":"2024-07-22T02:21:16","slug":"denuncia-trabajadora-acoso-y-corrupcion-por-parte-de-funcionario-estatal","status":"publish","type":"post","link":"https:\/\/zonaroja.com.mx\/?p=70601","title":{"rendered":"Denuncia trabajadora acoso y corrupci\u00f3n por parte de funcionario estatal"},"content":{"rendered":"\n<p>Raymundo Morales\/Zona Roja.<\/p>\n\n\n\n<p>Oaxaca de Ju\u00e1rez, Oax., 21 de julio de 2024.- Una trabajadora del Gobierno del Estado de Oaxaca denunci\u00f3 acoso, hostigamiento, incumplimiento a un laudo y presuntos actos de corrupci\u00f3n por parte del director general del Colegio Superior de Educaci\u00f3n Integral Intercultural de Oaxaca (CSEIIO), Ren\u00e9 V\u00e1squez Castillejos.<\/p>\n\n\n\n<p>En conferencia de prensa este domingo en el z\u00f3calo de la capital y arropada por la asociaci\u00f3n civil Ruth Hern\u00e1ndez Ru\u00edz, acus\u00f3 asimismo que hay varios funcionarios m\u00e1s involucrados en el caso en su contra.<\/p>\n\n\n\n<p>Entre ellos Francisco V\u00e1squez Perez, director Administrativo; Ana Laura Garc\u00eda Pacheco, secretaria Particular del director general; Jenni Yazmin L\u00f3pez Antonio, jefa de Recursos Humanos; Eugenio Galindo Torres, jefe del Departamento de Infraestructura Programaci\u00f3n y Presupuesto; Yazm\u00edn Jim\u00e9nez Granados, jefa de Control Escolar, y los auxiliares Jaime Omar D\u00edaz Javier y Mariana Santiago Santiago.&nbsp;<\/p>\n\n\n\n<p>Relat\u00f3 asimismo que ha descubierto una serie de actos de la corrupci\u00f3n que impera dentro de dicha instituci\u00f3n, dando vista a diversas instancias, lo que ha significado desgaste, no atenci\u00f3n, postergaci\u00f3n para una investigaci\u00f3n efectiva.<\/p>\n\n\n\n<p>Por ello, fue comisionado a una poblaci\u00f3n lejana de la capital como una forma de castigo.<\/p>\n\n\n\n<p>Entre ellos la expedici\u00f3n de certificados falsos a familiares y amigos del director general Ren\u00e9 V\u00e1squez Castillejos, y de su primo, el contador Francisco V\u00e1squez P\u00e9rez, los cuales realizaba&nbsp; la Jefa de Control Escolar en colaboraci\u00f3n con los administrativos, Mariana Santiago Santiago y Jaime Omar D\u00edaz Jimenez,&nbsp; certificados en los cuales se falsificaba mi&nbsp; r\u00fabrica y firma. Existen audios en donde constan estos actos.&nbsp;<\/p>\n\n\n\n<p>Asimismo, el cobro de pagos retroactivos de n\u00f3mina de trabajadores de menor nivel, falsificando la firma de dichos trabajadores en los cheques para hacer los cobros. Existiendo la lista de n\u00f3mina en donde constan esos pagos retroactivos que nunca cobraron al menos 22&nbsp; trabajadores. Se elabor\u00f3 una n\u00f3mina extraordinaria con la cual se simul\u00f3 el pago de alrededor de un mill\u00f3n con doscientos mil pesos.&nbsp;<\/p>\n\n\n\n<p>Tambi\u00e9n, compras simuladas de material el\u00e9ctrico, plomer\u00eda y pintura, supuestamente para el mantenimiento de las instalaciones del CSEIIO, por la cantidad de m\u00e1s de cinco millones de pesos. Existen facturas en donde constan estas compras simuladas.<\/p>\n\n\n\n<p>Igualmente nepotismo, pues el director General nombr\u00f3 a su primo como director administrativo y a su chofer como Jefe del Departamento de Bienes, Servicios Generales y Patrimonio, \u201cpara tener una red de operaci\u00f3n para el desfalco al erario p\u00fablico, dicha actuaci\u00f3n es un delito federal\u201d.<\/p>\n\n\n\n<p>Con respecto al laudo, la v\u00edctima detall\u00f3 que cada vez que solicitaba el pago, los actos de hostigamiento y acoso laboral por parte de estas personas se intensificaron; \u201cme dejan de hablar, me saturan de trabajo, siendo vigilada y perseguida constantemente por los guardias de seguridad del director general y soy obligada a firmar un contrato de confidencialidad\u201d.<\/p>\n\n\n\n<p>\u201cEs inaudito la falta de mecanismo estatales para no colocar en estado de indefensi\u00f3n y riesgo a quienes se atreven a denunciar y evidenciar la corrupci\u00f3n, violencia laboral y nepotismo en el gabinete de la \u00b4Primavera Oaxaque\u00f1a\u2019.<\/p>\n\n\n\n<p>\u201cEs lamentable que hoy tengamos que hacer p\u00fablico un caso m\u00e1s que se suman al de Aracely Cruz quien denunci\u00f3 a Donato Vargas, coordinador de los delegados de Paz; Karina Sosa Garc\u00eda, quien denunci\u00f3 a Alfredo Santiago Ch\u00e1vez director de Registro Civil; Liliana Altamirano Calderon quien denunci\u00f3 al funcionario del Monte de Piedad, las cuales han terminado en una situaci\u00f3n de riesgo, sin atenci\u00f3n oportuna y obligadas a dejar sus trabajos o al acoso y violencia laboral\u201d, sostuvo a su vez Consorcio Oaxaca.<\/p>\n","protected":false},"excerpt":{"rendered":"<p>Raymundo Morales\/Zona Roja. Oaxaca de Ju\u00e1rez, Oax., 21 de julio de 2024.- Una trabajadora del&hellip;<\/p>\n","protected":false},"author":2,"featured_media":70602,"comment_status":"closed","ping_status":"open","sticky":false,"template":"","format":"standard","meta":{"_lmt_disableupdate":"","_lmt_disable":"","_jetpack_memberships_contains_paid_content":false,"footnotes":""},"categories":[109,47],"tags":[4005],"class_list":["post-70601","post","type-post","status-publish","format-standard","has-post-thumbnail","hentry","category-minuto-a-minuto","category-zona-gris","tag-rene-vasquez-castillejos"],"jetpack_featured_media_url":"https:\/\/zonaroja.com.mx\/wp-content\/uploads\/2024\/07\/Conferencia-Consorcio-caso-CSEIIO.jpg","jetpack_sharing_enabled":true,"_links":{"self":[{"href":"https:\/\/zonaroja.com.mx\/index.php?rest_route=\/wp\/v2\/posts\/70601","targetHints":{"allow":["GET"]}}],"collection":[{"href":"https:\/\/zonaroja.com.mx\/index.php?rest_route=\/wp\/v2\/posts"}],"about":[{"href":"https:\/\/zonaroja.com.mx\/index.php?rest_route=\/wp\/v2\/types\/post"}],"author":[{"embeddable":true,"href":"https:\/\/zonaroja.com.mx\/index.php?rest_route=\/wp\/v2\/users\/2"}],"replies":[{"embeddable":true,"href":"https:\/\/zonaroja.com.mx\/index.php?rest_route=%2Fwp%2Fv2%2Fcomments&post=70601"}],"version-history":[{"count":1,"href":"https:\/\/zonaroja.com.mx\/index.php?rest_route=\/wp\/v2\/posts\/70601\/revisions"}],"predecessor-version":[{"id":70603,"href":"https:\/\/zonaroja.com.mx\/index.php?rest_route=\/wp\/v2\/posts\/70601\/revisions\/70603"}],"wp:featuredmedia":[{"embeddable":true,"href":"https:\/\/zonaroja.com.mx\/index.php?rest_route=\/wp\/v2\/media\/70602"}],"wp:attachment":[{"href":"https:\/\/zonaroja.com.mx\/index.php?rest_route=%2Fwp%2Fv2%2Fmedia&parent=70601"}],"wp:term":[{"taxonomy":"category","embeddable":true,"href":"https:\/\/zonaroja.com.mx\/index.php?rest_route=%2Fwp%2Fv2%2Fcategories&post=70601"},{"taxonomy":"post_tag","embeddable":true,"href":"https:\/\/zonaroja.com.mx\/index.php?rest_route=%2Fwp%2Fv2%2Ftags&post=70601"}],"curies":[{"name":"wp","href":"https:\/\/api.w.org\/{rel}","templated":true}]}}