{"id":70608,"date":"2024-07-22T07:21:17","date_gmt":"2024-07-22T13:21:17","guid":{"rendered":"https:\/\/zonaroja.com.mx\/?p=70608"},"modified":"2024-07-22T07:21:19","modified_gmt":"2024-07-22T13:21:19","slug":"monitorea-profeco-oaxaca-comercios-en-fiestas-de-guelaguetza","status":"publish","type":"post","link":"https:\/\/zonaroja.com.mx\/?p=70608","title":{"rendered":"Monitorea Profeco Oaxaca comercios, en fiestas de Guelaguetza\u00a0"},"content":{"rendered":"\n<p>Redacci\u00f3n\/Zona Roja.<\/p>\n\n\n\n<p>Oaxaca de Ju\u00e1rez, Oax., a 22 de julio de 2024.- La Procuradur\u00eda Federal del Consumidor&nbsp;dio a conocer que&nbsp;del 17 al 19 de julio&nbsp;2024,&nbsp;realiz\u00f3 monitoreo en&nbsp;101 comercios&nbsp;en el Centro Hist\u00f3rico&nbsp;de&nbsp;Oaxaca de Ju\u00e1rez,&nbsp;entre ellos&nbsp;los ubicados en Plaza de la Danza y el Carmen Alto.<\/p>\n\n\n\n<p>Lo anterior para constatar que se exhibieran precios de los productos ofertados,&nbsp;se&nbsp;entreguen notas de venta,&nbsp;se respeten los precios y&nbsp;eviten&nbsp;la selecci\u00f3n de clientela o pr\u00e1cticas discriminatorias.&nbsp;<\/p>\n\n\n\n<p>Durante uno de los recorridos, se detect\u00f3&nbsp;que uno de los comercios instalados en &nbsp;v\u00eda p\u00fablica&nbsp;se promov\u00eda con&nbsp;informaci\u00f3n o publicidad enga\u00f1osa&nbsp;al se\u00f1alar que ofertaba \u201clas aut\u00e9nticas&nbsp;tlayudas&nbsp;oaxaque\u00f1as\u201d,&nbsp;misma que por&nbsp;la forma inexacta, falsa, exagerada, parcial, artificiosa otendenciosa en que se presentaba, se&nbsp;requiri\u00f3&nbsp;el retiro&nbsp;de la lona&nbsp;al&nbsp;momento de la visita.&nbsp;<\/p>\n\n\n\n<p>En los casos en que se detect\u00f3 que alg\u00fan comercio no informaba los precios, personal de la Profeco coloc\u00f3 preciadores a la vista de consumidores.&nbsp;<\/p>\n\n\n\n<p>La instituci\u00f3n a cargo de Lourdes Santiago detalla que&nbsp;los recorridos en las diversas expos y eventos relacionados con las festividades de la Guelaguetza, son&nbsp;actividades preventivas&nbsp;y de colaboraci\u00f3n, ya que&nbsp;la&nbsp;responsabilidad de la regulaci\u00f3n del comercio informal es de los ayuntamientos.&nbsp;<\/p>\n\n\n\n<p>Adem\u00e1s, recuerda que se mantiene la atenci\u00f3n de quejas y denuncias que se reciban&nbsp;en contra de proveedores&nbsp;por los canales formales y con los datos que correspondan.&nbsp;&nbsp;<\/p>\n\n\n\n<p>Recomienda a consumidores que sus compras sean informadas, garantizadas &nbsp;y en el mercado formal, de esta manera ante un incumplimiento podr\u00e1n exigir a la empresa &nbsp;y, si no son atendidos, podr\u00e1n presentar una queja ante Profeco, que tiene la misi\u00f3n de defender sus derechos.&nbsp;<\/p>\n\n\n\n<p>La Profeco reitera su compromiso por proteger a la poblaci\u00f3n consumidora y&nbsp;pone a&nbsp;su&nbsp;disposici\u00f3n los canales de comunicaci\u00f3n para reportar&nbsp;a proveedores abusivos &nbsp;o&nbsp;solicitar asesor\u00eda al &nbsp;Tel\u00e9fono del Consumidor 800 468 8722, en la ciudad de Oaxaca el 951 51 3 41 41, 9515134646&nbsp;y las redes sociales oficiales en&nbsp;Twitter: @AtencionProfeco&nbsp;y en Facebook:&nbsp;ProfecoOficial.<\/p>\n","protected":false},"excerpt":{"rendered":"<p>Redacci\u00f3n\/Zona Roja. Oaxaca de Ju\u00e1rez, Oax., a 22 de julio de 2024.- La Procuradur\u00eda Federal&hellip;<\/p>\n","protected":false},"author":2,"featured_media":70609,"comment_status":"closed","ping_status":"open","sticky":false,"template":"","format":"standard","meta":{"_lmt_disableupdate":"","_lmt_disable":"","_jetpack_memberships_contains_paid_content":false,"footnotes":""},"categories":[109,46],"tags":[788],"class_list":["post-70608","post","type-post","status-publish","format-standard","has-post-thumbnail","hentry","category-minuto-a-minuto","category-zona-blanca","tag-profeco-oaxaca"],"jetpack_featured_media_url":"https:\/\/zonaroja.com.mx\/wp-content\/uploads\/2024\/07\/Acciones-Profeco-Oaxaca.jpg","jetpack_sharing_enabled":true,"_links":{"self":[{"href":"https:\/\/zonaroja.com.mx\/index.php?rest_route=\/wp\/v2\/posts\/70608","targetHints":{"allow":["GET"]}}],"collection":[{"href":"https:\/\/zonaroja.com.mx\/index.php?rest_route=\/wp\/v2\/posts"}],"about":[{"href":"https:\/\/zonaroja.com.mx\/index.php?rest_route=\/wp\/v2\/types\/post"}],"author":[{"embeddable":true,"href":"https:\/\/zonaroja.com.mx\/index.php?rest_route=\/wp\/v2\/users\/2"}],"replies":[{"embeddable":true,"href":"https:\/\/zonaroja.com.mx\/index.php?rest_route=%2Fwp%2Fv2%2Fcomments&post=70608"}],"version-history":[{"count":1,"href":"https:\/\/zonaroja.com.mx\/index.php?rest_route=\/wp\/v2\/posts\/70608\/revisions"}],"predecessor-version":[{"id":70610,"href":"https:\/\/zonaroja.com.mx\/index.php?rest_route=\/wp\/v2\/posts\/70608\/revisions\/70610"}],"wp:featuredmedia":[{"embeddable":true,"href":"https:\/\/zonaroja.com.mx\/index.php?rest_route=\/wp\/v2\/media\/70609"}],"wp:attachment":[{"href":"https:\/\/zonaroja.com.mx\/index.php?rest_route=%2Fwp%2Fv2%2Fmedia&parent=70608"}],"wp:term":[{"taxonomy":"category","embeddable":true,"href":"https:\/\/zonaroja.com.mx\/index.php?rest_route=%2Fwp%2Fv2%2Fcategories&post=70608"},{"taxonomy":"post_tag","embeddable":true,"href":"https:\/\/zonaroja.com.mx\/index.php?rest_route=%2Fwp%2Fv2%2Ftags&post=70608"}],"curies":[{"name":"wp","href":"https:\/\/api.w.org\/{rel}","templated":true}]}}