{"id":7061,"date":"2019-12-28T10:00:11","date_gmt":"2019-12-28T16:00:11","guid":{"rendered":"http:\/\/www.zonaroja.com.mx\/?p=7061"},"modified":"2019-12-28T07:49:22","modified_gmt":"2019-12-28T13:49:22","slug":"piden-ayuda-para-repatriar-a-oaxaqueno-que-murio-en-los-estados-unidos","status":"publish","type":"post","link":"https:\/\/zonaroja.com.mx\/?p=7061","title":{"rendered":"Piden ayuda para repatriar a oaxaque\u00f1o que muri\u00f3 en los Estados Unidos"},"content":{"rendered":"\n<p>Evlin Arag\u00f3n\/Zona Roja.<\/p>\n\n\n\n<p>Oaxaca de Ju\u00e1rez, Oax., 28 de diciembre\nde 2019.- Con tan s\u00f3lo 31 a\u00f1os de edad y despu\u00e9s de estar internado por dos\nmeses en el Hospital Hunterdon Medical Center en Flemington New Jersey, Estados\nUnidos, el oaxaque\u00f1o Paulino Ram\u00edrez Lugos, falleci\u00f3 el pasado 24 de diciembre,\npor lo que desesperadamente su familia busca el apoyo para que pueda ser\nrepatriado.<\/p>\n\n\n\n<p>El padre del joven denunci\u00f3 a trav\u00e9s de\nsus redes sociales que fue al Consulado Mexicano de Nueva York a pedir ayuda\npara repatriar a su hijo, sin embargo ah\u00ed le dijeron que ya no hab\u00eda recursos\npor lo que tendr\u00eda que arregl\u00e1rselas con el apoyo de la comunidad hispana que\nvive en la Uni\u00f3n Americana.<\/p>\n\n\n\n<p>\u201cCompa\u00f1eros Mexicanos acabo de salir del\nConsulado Mexicano de Nueva York Porque fui a pedir ayuda para repatriar a mi hijo\nPaulino Ram\u00edrez Lugos y qu\u00e9 creen que me dijeron: que ya no hay recursos para\nque me puedan apoyar y que la comunidad hispana debe de cooperar para repatriar\na mi hijo Paulino \u00e9stos del Consulado son unos ustedes dir\u00e1n que son\u201d, escribi\u00f3\nel afligido padre.<\/p>\n\n\n\n<p>Por lo anterior, don Pablo se ha visto\nen la necesidad de botear para conseguir los cuatro mil 500 d\u00f3lares para\nregresar el cuerpo del joven Paulino a su lugar de origen, La Muralla, Santiago\nIxtayutla, perteneciente al municipio de Jamiltepec en la entidad oaxaque\u00f1a,\nluego de que perdiera la batalla contra un virus en el cerebro que no solo le\nafect\u00f3 esta parte del cuerpo sino tambi\u00e9n su sangre.<\/p>\n\n\n\n<p>Hace tan s\u00f3lo dos semanas la\norganizaci\u00f3n civil \u201cMil Sonrisas\u201d posteo un video en el que solicitaba el apoyo\nde la comunidad para ayudar a don Pablo Ram\u00edrez, padre del joven quien con l\u00e1grimas\nsolicit\u00f3 el respaldo para su hijo que en esos momentos se encontraba consiente\npero conectado a decenas de aparatos para poder sobrevivir. <\/p>\n\n\n\n<p>Por lo anterior, el Presidente de la\nRep\u00fablica, Andr\u00e9s Manuel L\u00f3pez Obrador, fue cuestionado en la conferencia\nma\u00f1anera de este 27 de diciembre, a lo que se comprometi\u00f3 a atender de forma\ninmediata el caso ya que se trata de un asunto humanitario y no de dinero.<\/p>\n\n\n\n<p>\u201cEs una responsabilidad nuestra el que\nno le falta nada a quien pierde la vida en otro pa\u00eds, esa es una funci\u00f3n y una\nresponsabilidad de los consulados en Estados Unidos, no debe de haber\nlimitaciones presupuestales en estos casos. Ahora mismo vamos a ver con el\nsecretario de Relaciones Exteriores para que esto se resuelva\u201d, dijo el\nmandatario.<\/p>\n\n\n\n<p>As\u00ed mismo, envi\u00f3 un mensaje a quienes\nlaboran en los 50 consulados, a quienes dijo que tomaran sus declaraciones como\nun memor\u00e1ndum para resolver de una vez por todas esta situaci\u00f3n ya que record\u00f3\nque es un derecho de la comunidad migrante que sus gastos funerarios corran por\ncuenta del gobierno de la Rep\u00fablica.<\/p>\n","protected":false},"excerpt":{"rendered":"<p>Evlin Arag\u00f3n\/Zona Roja. Oaxaca de Ju\u00e1rez, Oax., 28 de diciembre de 2019.- Con tan s\u00f3lo&hellip;<\/p>\n","protected":false},"author":2,"featured_media":7062,"comment_status":"closed","ping_status":"open","sticky":false,"template":"","format":"standard","meta":{"_lmt_disableupdate":"","_lmt_disable":"","_jetpack_memberships_contains_paid_content":false,"footnotes":""},"categories":[109,47],"tags":[1191],"class_list":["post-7061","post","type-post","status-publish","format-standard","has-post-thumbnail","hentry","category-minuto-a-minuto","category-zona-gris","tag-paulino-ramirez-lugos"],"jetpack_featured_media_url":"https:\/\/zonaroja.com.mx\/wp-content\/uploads\/2019\/12\/Paulina-Ram\u00edrez-Lugos.jpg","jetpack_sharing_enabled":true,"_links":{"self":[{"href":"https:\/\/zonaroja.com.mx\/index.php?rest_route=\/wp\/v2\/posts\/7061","targetHints":{"allow":["GET"]}}],"collection":[{"href":"https:\/\/zonaroja.com.mx\/index.php?rest_route=\/wp\/v2\/posts"}],"about":[{"href":"https:\/\/zonaroja.com.mx\/index.php?rest_route=\/wp\/v2\/types\/post"}],"author":[{"embeddable":true,"href":"https:\/\/zonaroja.com.mx\/index.php?rest_route=\/wp\/v2\/users\/2"}],"replies":[{"embeddable":true,"href":"https:\/\/zonaroja.com.mx\/index.php?rest_route=%2Fwp%2Fv2%2Fcomments&post=7061"}],"version-history":[{"count":1,"href":"https:\/\/zonaroja.com.mx\/index.php?rest_route=\/wp\/v2\/posts\/7061\/revisions"}],"predecessor-version":[{"id":7063,"href":"https:\/\/zonaroja.com.mx\/index.php?rest_route=\/wp\/v2\/posts\/7061\/revisions\/7063"}],"wp:featuredmedia":[{"embeddable":true,"href":"https:\/\/zonaroja.com.mx\/index.php?rest_route=\/wp\/v2\/media\/7062"}],"wp:attachment":[{"href":"https:\/\/zonaroja.com.mx\/index.php?rest_route=%2Fwp%2Fv2%2Fmedia&parent=7061"}],"wp:term":[{"taxonomy":"category","embeddable":true,"href":"https:\/\/zonaroja.com.mx\/index.php?rest_route=%2Fwp%2Fv2%2Fcategories&post=7061"},{"taxonomy":"post_tag","embeddable":true,"href":"https:\/\/zonaroja.com.mx\/index.php?rest_route=%2Fwp%2Fv2%2Ftags&post=7061"}],"curies":[{"name":"wp","href":"https:\/\/api.w.org\/{rel}","templated":true}]}}