{"id":70611,"date":"2024-07-22T08:27:00","date_gmt":"2024-07-22T14:27:00","guid":{"rendered":"https:\/\/zonaroja.com.mx\/?p=70611"},"modified":"2024-07-22T07:40:46","modified_gmt":"2024-07-22T13:40:46","slug":"recomienda-arzobispo-guelaguetzas-alternas-no-la-pagada","status":"publish","type":"post","link":"https:\/\/zonaroja.com.mx\/?p=70611","title":{"rendered":"Recomienda Arzobispo Guelaguetzas alternas, no la pagada"},"content":{"rendered":"\n<p>Ismael Garc\u00eda M.\/Zona Roja.<\/p>\n\n\n\n<p>Oaxaca de Ju\u00e1rez, Oax., a 22 de julio de 2024.- El Arzobispo de Antequera Oaxaca se congratul\u00f3 de la alta afluencia de visitantes y pidi\u00f3 tener paciencia y tolerancia hacia ellos; asimismo, recomend\u00f3 acudir a las fiestas de la Guelaguetza que se realiza en los pueblos, antes que la tiene un costo y que se celebra en el auditorio del cerro del \u201cFort\u00edn\u201d de la capital.<\/p>\n\n\n\n<p>Previo a presidir la homil\u00eda de ayer, el prelado recibi\u00f3 al embajador de los Estados Unidos de Norteam\u00e9rica, Ken Salazar, quien se encuentra en la entidad desde el pasado viernes, para disfrutar de la m\u00e1xima fiesta de los oaxaque\u00f1os.<\/p>\n\n\n\n<p>\u201cTuve una buena reuni\u00f3n con el arzobispo Pedro V\u00e1zquez en #Oaxaca. Hablamos sobre migraci\u00f3n y seguridad, reconociendo el compromiso de los l\u00edderes religiosos por sus contribuciones\u201d, public\u00f3 el diplom\u00e1tico norteamericano.<\/p>\n\n\n\n<p>Durante la misa celebrada en la Catedral Metropolitana, el Arzobispo destac\u00f3 las fiestas que se viven en la capital:<\/p>\n\n\n\n<p>\u201cHay mucho ruido, hay mucha alegr\u00eda en nuestras calles, a todas horas; disfr\u00fatenlo; a lo mejor otros dicen \u2018ah caray, cuanto ruido, t\u00fa\u2019; pues tranquilo, es el ruido de estos d\u00edas, para qu\u00e9 nos ponemos tensos.<\/p>\n\n\n\n<p>\u201c\u2018Oye cu\u00e1nto carro\u2019; pues hay mucho carro; \u2018oye cu\u00e1nta gente, no se puede ni caminar\u2019; pues as\u00ed est\u00e1 la vida en estos d\u00edas\u201d, dijo durante su mensaje.<\/p>\n\n\n\n<p>Inst\u00f3 a aprovechar la ocasi\u00f3n para acercarse y a dialogar con los visitantes, del estado, del pa\u00eds o del extranjero.<\/p>\n\n\n\n<p>\u201cAs\u00ed hay que vivir felices; hoy alegr\u00e9monos porque vienen a vivir la alegr\u00eda de nuestra Guelaguetza; y hay Guelaguetzas por todos lados; hay unas que cobran y otras gratis; busque las gratis; a m\u00ed no me pregunten d\u00f3nde est\u00e1n.<\/p>\n\n\n\n<p>\u201c\u00bfTiene boleto para ma\u00f1ana?, vaya a las 10; no tengo de eso porque no hay dinero, no hay money; ah, mire, pregunte porque por all\u00e1, por Zaachila, por Etla, por Tlacolula, hay Guelaguetzas gratis\u201d.<\/p>\n\n\n\n<p>V\u00e1zquez Villalobos exhort\u00f3 a disfrutar de las fiestas que se realizan en muchas comunidades de la regi\u00f3n Valles Centrales; \u201cdisfrute, disfrute, disfrute\u201d, recomend\u00f3 el prelado.<\/p>\n","protected":false},"excerpt":{"rendered":"<p>Ismael Garc\u00eda M.\/Zona Roja. Oaxaca de Ju\u00e1rez, Oax., a 22 de julio de 2024.- El&hellip;<\/p>\n","protected":false},"author":2,"featured_media":70612,"comment_status":"closed","ping_status":"open","sticky":false,"template":"","format":"standard","meta":{"_lmt_disableupdate":"","_lmt_disable":"","_jetpack_memberships_contains_paid_content":false,"footnotes":""},"categories":[109,46],"tags":[2219],"class_list":["post-70611","post","type-post","status-publish","format-standard","has-post-thumbnail","hentry","category-minuto-a-minuto","category-zona-blanca","tag-arzobispo-pedro-vazquez-villalobos"],"jetpack_featured_media_url":"https:\/\/zonaroja.com.mx\/wp-content\/uploads\/2024\/07\/Arzobispo-de-Oaxaca.jpg","jetpack_sharing_enabled":true,"_links":{"self":[{"href":"https:\/\/zonaroja.com.mx\/index.php?rest_route=\/wp\/v2\/posts\/70611","targetHints":{"allow":["GET"]}}],"collection":[{"href":"https:\/\/zonaroja.com.mx\/index.php?rest_route=\/wp\/v2\/posts"}],"about":[{"href":"https:\/\/zonaroja.com.mx\/index.php?rest_route=\/wp\/v2\/types\/post"}],"author":[{"embeddable":true,"href":"https:\/\/zonaroja.com.mx\/index.php?rest_route=\/wp\/v2\/users\/2"}],"replies":[{"embeddable":true,"href":"https:\/\/zonaroja.com.mx\/index.php?rest_route=%2Fwp%2Fv2%2Fcomments&post=70611"}],"version-history":[{"count":1,"href":"https:\/\/zonaroja.com.mx\/index.php?rest_route=\/wp\/v2\/posts\/70611\/revisions"}],"predecessor-version":[{"id":70613,"href":"https:\/\/zonaroja.com.mx\/index.php?rest_route=\/wp\/v2\/posts\/70611\/revisions\/70613"}],"wp:featuredmedia":[{"embeddable":true,"href":"https:\/\/zonaroja.com.mx\/index.php?rest_route=\/wp\/v2\/media\/70612"}],"wp:attachment":[{"href":"https:\/\/zonaroja.com.mx\/index.php?rest_route=%2Fwp%2Fv2%2Fmedia&parent=70611"}],"wp:term":[{"taxonomy":"category","embeddable":true,"href":"https:\/\/zonaroja.com.mx\/index.php?rest_route=%2Fwp%2Fv2%2Fcategories&post=70611"},{"taxonomy":"post_tag","embeddable":true,"href":"https:\/\/zonaroja.com.mx\/index.php?rest_route=%2Fwp%2Fv2%2Ftags&post=70611"}],"curies":[{"name":"wp","href":"https:\/\/api.w.org\/{rel}","templated":true}]}}