{"id":70617,"date":"2024-07-22T11:20:00","date_gmt":"2024-07-22T17:20:00","guid":{"rendered":"https:\/\/zonaroja.com.mx\/?p=70617"},"modified":"2024-07-22T08:21:47","modified_gmt":"2024-07-22T14:21:47","slug":"la-larga-cadena-de-fallas-que-originaron-el-relevo-del-candidato-joe-biden","status":"publish","type":"post","link":"https:\/\/zonaroja.com.mx\/?p=70617","title":{"rendered":"La larga cadena de fallas que originaron el relevo del candidato Joe Biden"},"content":{"rendered":"\n<p>Redacci\u00f3n\/Zona Roja Cdmx.<\/p>\n\n\n\n<p>Ciudad de M\u00e9xico, a 22 de julio de 2024.- El presidente estadounidense, Joe Biden, aspiraba a sus 81 a\u00f1os retirarse del poder a los 86 a\u00f1os. Con esa edad hubiera acabado un eventual segundo mandato, al que este domingo ha tenido que renunciar frenado precisamente por las cr\u00edticas a su capacidad f\u00edsica y mental.<\/p>\n\n\n\n<p>Todo iba bien hasta que el pasado 27 de junio, en su debate contra el exmandatario Donald Trump (2017-2021), sus titubeos, frases inconclusas y mirada perdida hicieron saltar las alarmas y destaparon lo que hasta entonces hab\u00edan sido comentarios minoritarios: las dudas sobre su fortaleza.<\/p>\n\n\n\n<p>Biden proclam\u00f3 su candidatura para las elecciones del 5 de noviembre el pasado 25 de abril. Lo hizo con la idea de que uno debe terminar lo que empieza y con la convicci\u00f3n que la vuelta del pol\u00edtico republicano al poder supondr\u00eda una amenaza para la democracia.<\/p>\n\n\n\n<p>Un d\u00eda despu\u00e9s de su desastroso cara a cara televisado con Trump, el primero de este nuevo ciclo electoral, intent\u00f3 aplacar el temor que su comparecencia hab\u00eda provocado en sus propias filas y en la ciudadan\u00eda, para regocijo de los conservadores.<\/p>\n\n\n\n<p>No me presentar\u00eda de nuevo si no creyera con todo mi coraz\u00f3n y mi alma que puedo hacer el trabajo. Hay demasiado en juego\u201d, dijo Biden entonces en un mitin.<\/p>\n\n\n\n<p>Le dieron su apoyo p\u00fablico posteriormente los expresidentes dem\u00f3cratas Bill Clinton (1993-2001) y Barack Obama (2009-2017), as\u00ed como la exsecretaria de Estado y candidata presidencial Hillary Clinton, que en 2016 se le adelant\u00f3 como eventual sucesora de Obama frenando las aspiraciones del hasta entonces vicepresidente.<\/p>\n\n\n\n<p>Pero ese respaldo no tard\u00f3 en resquebrajarse. El congresista Lloyd Doggett, representante de Texas, fue el pasado 2 de julio el primer legislador dem\u00f3crata en pedir en voz alta que pusiera fin a su campa\u00f1a.<\/p>\n\n\n\n<p>Le siguieron constantes filtraciones en los medios sobre el frenes\u00ed del partido al respecto, con convocatorias de reuniones telef\u00f3nicas, encuentros de Biden con su c\u00edrculo m\u00e1s cercano y reproches a quienes le asesoraron en su enfrentamiento dial\u00e9ctico contra Trump.<\/p>\n\n\n\n<p>Finalmente, este 21 de julio el pol\u00edtico dem\u00f3crata cedi\u00f3 a la presi\u00f3n y anunci\u00f3 su retirada. Lo hizo en una carta a la ciudadan\u00eda en la que afirm\u00f3 que cree que debe poner fin a su carrera a la reelecci\u00f3n \u201cpor el inter\u00e9s del partido y del pa\u00eds\u201d.<\/p>\n\n\n\n<p>Una carrera pol\u00edtica de 50 a\u00f1os<\/p>\n\n\n\n<p>Le quedan poco m\u00e1s de cinco meses de presidencia, hasta el traspaso de poderes en enero, pero pone as\u00ed fecha de expiraci\u00f3n a una larga carrera pol\u00edtica que se remonta a 1973 como senador de Delaware, un cargo que ostent\u00f3 hasta 2009 con una promoci\u00f3n importante: la vicepresidencia del pa\u00eds de la mano de Obama, uno de los que ha contribuido a hacerle tirar la toalla.<\/p>\n\n\n\n<p>Intent\u00f3 sin \u00e9xito hacerse con la nominaci\u00f3n presidencial dem\u00f3crata en 1988 y 2008 y en los comicios de 2016 decidi\u00f3 no competir en parte por el duelo ante la muerte de su hijo Beau, fallecido de c\u00e1ncer, y por la falta de tiempo para asentar una candidatura fuerte.<\/p>\n\n\n\n<p>Pero desde que lleg\u00f3 al poder, pese a que en un primer momento dej\u00f3 caer que solo iba a estar cuatro a\u00f1os, su convencimiento de que no hab\u00eda nadie m\u00e1s apropiado que \u00e9l para frenar a Trump le han hecho aferrarse al puesto.<\/p>\n\n\n\n<p>Ese convencimiento ha sido impulsado tambi\u00e9n por la primera dama, Jill Biden, pilar de su vida y de su campa\u00f1a y, seg\u00fan los medios del pa\u00eds, una de las pocas voces de su entorno capaces de hacerle tomar uno u otro rumbo.<\/p>\n\n\n\n<p>La resiliencia hab\u00eda marcado tanto su carrera como su vida: perdi\u00f3 a su primera esposa, Neilia Hunter, y a su hija de un a\u00f1o, Naomi, en un accidente de tr\u00e1fico en la Navidad de 1972, justo despu\u00e9s de haber sido elegido senador, y aunque entonces se plante\u00f3 dejar la pol\u00edtica, porque resultaron heridos de gravedad sus hijos Hunter y Beau, acab\u00f3 jurando el cargo.<\/p>\n\n\n\n<p>Hasta ahora parec\u00eda que su \u00fanico obst\u00e1culo para seguir en la presidencia tras las elecciones del 5 de noviembre era la creciente oposici\u00f3n de los j\u00f3venes y de la poblaci\u00f3n \u00e1rabe por el apoyo de su administraci\u00f3n a Israel en su ofensiva contra Gaza.<\/p>\n\n\n\n<p>Con su retirada Biden acabar\u00e1 dejando en enero un legado de estabilidad econ\u00f3mica, aunque no ha conseguido llevar la inflaci\u00f3n al objetivo del 2 %, y de lucha entre otros por los derechos reproductivos de las mujeres. La Casa Blanca intent\u00f3 sin cesar ni \u00e9xito que la poblaci\u00f3n se fijara en estos \u00faltimos cuatro a\u00f1os de mandato y no en esa \u201cmala noche\u201d frente a Trump que finalmente ha desencadenado su salida.<\/p>\n\n\n\n<p>(Con informaci\u00f3n de EFE, en L\u00f3pez-D\u00f3riga Digital)<\/p>\n","protected":false},"excerpt":{"rendered":"<p>Redacci\u00f3n\/Zona Roja Cdmx. Ciudad de M\u00e9xico, a 22 de julio de 2024.- El presidente estadounidense,&hellip;<\/p>\n","protected":false},"author":2,"featured_media":70618,"comment_status":"closed","ping_status":"open","sticky":false,"template":"","format":"standard","meta":{"_lmt_disableupdate":"","_lmt_disable":"","_jetpack_memberships_contains_paid_content":false,"footnotes":""},"categories":[109,47],"tags":[2347],"class_list":["post-70617","post","type-post","status-publish","format-standard","has-post-thumbnail","hentry","category-minuto-a-minuto","category-zona-gris","tag-joe-biden"],"jetpack_featured_media_url":"https:\/\/zonaroja.com.mx\/wp-content\/uploads\/2024\/07\/Lapsus-Joe-Biden.jpeg","jetpack_sharing_enabled":true,"_links":{"self":[{"href":"https:\/\/zonaroja.com.mx\/index.php?rest_route=\/wp\/v2\/posts\/70617","targetHints":{"allow":["GET"]}}],"collection":[{"href":"https:\/\/zonaroja.com.mx\/index.php?rest_route=\/wp\/v2\/posts"}],"about":[{"href":"https:\/\/zonaroja.com.mx\/index.php?rest_route=\/wp\/v2\/types\/post"}],"author":[{"embeddable":true,"href":"https:\/\/zonaroja.com.mx\/index.php?rest_route=\/wp\/v2\/users\/2"}],"replies":[{"embeddable":true,"href":"https:\/\/zonaroja.com.mx\/index.php?rest_route=%2Fwp%2Fv2%2Fcomments&post=70617"}],"version-history":[{"count":1,"href":"https:\/\/zonaroja.com.mx\/index.php?rest_route=\/wp\/v2\/posts\/70617\/revisions"}],"predecessor-version":[{"id":70619,"href":"https:\/\/zonaroja.com.mx\/index.php?rest_route=\/wp\/v2\/posts\/70617\/revisions\/70619"}],"wp:featuredmedia":[{"embeddable":true,"href":"https:\/\/zonaroja.com.mx\/index.php?rest_route=\/wp\/v2\/media\/70618"}],"wp:attachment":[{"href":"https:\/\/zonaroja.com.mx\/index.php?rest_route=%2Fwp%2Fv2%2Fmedia&parent=70617"}],"wp:term":[{"taxonomy":"category","embeddable":true,"href":"https:\/\/zonaroja.com.mx\/index.php?rest_route=%2Fwp%2Fv2%2Fcategories&post=70617"},{"taxonomy":"post_tag","embeddable":true,"href":"https:\/\/zonaroja.com.mx\/index.php?rest_route=%2Fwp%2Fv2%2Ftags&post=70617"}],"curies":[{"name":"wp","href":"https:\/\/api.w.org\/{rel}","templated":true}]}}