{"id":70620,"date":"2024-07-22T12:27:00","date_gmt":"2024-07-22T18:27:00","guid":{"rendered":"https:\/\/zonaroja.com.mx\/?p=70620"},"modified":"2024-07-22T08:27:54","modified_gmt":"2024-07-22T14:27:54","slug":"asesinan-a-dirigente-triqui-en-baja-california-era-de-copala-oaxaca","status":"publish","type":"post","link":"https:\/\/zonaroja.com.mx\/?p=70620","title":{"rendered":"Asesinan a dirigente triqui en Baja California; era de Copala, Oaxaca"},"content":{"rendered":"\n<p>Redacci\u00f3n\/Zona Roja Cdmx.<\/p>\n\n\n\n<p>Ciudad de M\u00e9xico, a 22 de julio de 2024.- En el ataque en el que Eugenio Mart\u00ednez fue asesinado, resultaron heridos dos de sus sobrinos, as\u00ed como su hermano, Bonifacio Mart\u00ednez. Ya varias organizaciones se han pronunciado en contra del homicidio del l\u00edder triqui, quien representaba a la poblaci\u00f3n de San Quint\u00edn, en Baja California.<\/p>\n\n\n\n<p>El asesinato de Eugenio Mart\u00ednez fue confirmado por la Alianza de Organizaciones por la Justicia Social, la cual comparti\u00f3 un comunicado del Centro de Derechos Humanos \u201cZeferino Ladrillero\u201d. El ataque en el que perdi\u00f3 la vida el l\u00edder triqui ocurri\u00f3 ayer, domingo 21 de julio, alrededor de las 13:00 horas.<\/p>\n\n\n\n<p>\u201c25 miembros de la familia se encontraban en el patio del l\u00edder del defensor ind\u00edgena de derechos humanos (\u2026) cuando fueron atacados&nbsp; por un par de sujetos que descendieron de una camioneta Pickup RAM, color blanco\u201d, se\u00f1ala el comunicado en el que se indica que el asesinato de Eugenio Mart\u00ednez y la fuga de los responsables se dio, con todo y que cerca del lugar de los hechos hay un cuartel de la Guardia Nacional\u2026 a no m\u00e1s de 50 metros y, pese a ello, la ayuda tard\u00f3 20 minutos. &nbsp;<\/p>\n\n\n\n<p>De acuerdo con Alianza de Organizaciones por la Justicia Social, en el asesinato de Eugenio Mart\u00ednez, \u00e9ste no habr\u00eda sido el objetivo de los sicarios, sino el tambi\u00e9n l\u00edder triqui Bonifacio Mart\u00ednez. En el comunicado que la alianza comparti\u00f3 en su sitio oficial de Facebook, se identifica a&nbsp; Mart\u00ednez como defensor triqui, pero, al parecer, su hermano Bonifacio Mart\u00ednez ocupa un cargo de m\u00e1s responsabilidad.<\/p>\n\n\n\n<p>&nbsp;Adem\u00e1s de Bonifacio Mart\u00ednez, resultaron heridos el hijo de \u00e9ste, Miguel Mart\u00ednez Hern\u00e1ndez y su primo, Cirilo Ram\u00edrez Cruz, ambos defensores de derechos humanos de la comunidad triqui.&nbsp;<\/p>\n\n\n\n<p>Antes del asesinato de Eugenio Mart\u00ednez, su hermano Bonifacio fue blanco de amenazas de muerte, esto a raz\u00f3n de que se realizar\u00eda un censo de la comunidad triqui desplazada en el 2020 de Tierra Blanca, en Copala, Oaxaca. Estos desplazados, indica el comunicado de la alianza, fueron recibidos por familiares asentados en San Quint\u00edn, Baja California\u2026 y son beneficiarios de medidas cautelaras solicitadas por la Comisi\u00f3n Interamericana de Derechos Humanos.&nbsp; \u201cEl censo termin\u00f3 de realizarse justamente ayer, 20 de julio de 2024\u201d, indica el bolet\u00edn.&nbsp;<\/p>\n\n\n\n<p>Mart\u00ednez Cruz era integrante de la Alianza de Organizaciones Nacional, Estatal y Municipal por la Justicia Social (AONEMJS), la cual, en 2017, se manifest\u00f3 en contra de la explotaci\u00f3n laboral de jornaleros y el acoso sexual que sufr\u00edan sus compa\u00f1eras. El l\u00edder triqui tambi\u00e9n fue&nbsp; dirigente del colectivo de taxis 17 de Marzo.<\/p>\n\n\n\n<p>De acuerdo con \u201cLa Jornada\u201d, el l\u00edder Bonifacio Mart\u00ednez se\u00f1al\u00f3 el ataque en el que fue asesinado su hermano fue \u201ctotalmente pol\u00edtico\u201d, debido a lo enunciado anteriormente: la realizaci\u00f3n de censos para la reparaci\u00f3n de afectaciones a desplazados de Tierra Blanca.&nbsp;<\/p>\n\n\n\n<p>(Informaci\u00f3n de \u201cSopitas\u201d)<\/p>\n","protected":false},"excerpt":{"rendered":"<p>Redacci\u00f3n\/Zona Roja Cdmx. Ciudad de M\u00e9xico, a 22 de julio de 2024.- En el ataque&hellip;<\/p>\n","protected":false},"author":2,"featured_media":70621,"comment_status":"closed","ping_status":"open","sticky":false,"template":"","format":"standard","meta":{"_lmt_disableupdate":"","_lmt_disable":"","_jetpack_memberships_contains_paid_content":false,"footnotes":""},"categories":[109,47],"tags":[],"class_list":["post-70620","post","type-post","status-publish","format-standard","has-post-thumbnail","hentry","category-minuto-a-minuto","category-zona-gris"],"jetpack_featured_media_url":"https:\/\/zonaroja.com.mx\/wp-content\/uploads\/2024\/07\/asesinato-eugenio-martinez-lider-triqui.jpeg.webp","jetpack_sharing_enabled":true,"_links":{"self":[{"href":"https:\/\/zonaroja.com.mx\/index.php?rest_route=\/wp\/v2\/posts\/70620","targetHints":{"allow":["GET"]}}],"collection":[{"href":"https:\/\/zonaroja.com.mx\/index.php?rest_route=\/wp\/v2\/posts"}],"about":[{"href":"https:\/\/zonaroja.com.mx\/index.php?rest_route=\/wp\/v2\/types\/post"}],"author":[{"embeddable":true,"href":"https:\/\/zonaroja.com.mx\/index.php?rest_route=\/wp\/v2\/users\/2"}],"replies":[{"embeddable":true,"href":"https:\/\/zonaroja.com.mx\/index.php?rest_route=%2Fwp%2Fv2%2Fcomments&post=70620"}],"version-history":[{"count":1,"href":"https:\/\/zonaroja.com.mx\/index.php?rest_route=\/wp\/v2\/posts\/70620\/revisions"}],"predecessor-version":[{"id":70622,"href":"https:\/\/zonaroja.com.mx\/index.php?rest_route=\/wp\/v2\/posts\/70620\/revisions\/70622"}],"wp:featuredmedia":[{"embeddable":true,"href":"https:\/\/zonaroja.com.mx\/index.php?rest_route=\/wp\/v2\/media\/70621"}],"wp:attachment":[{"href":"https:\/\/zonaroja.com.mx\/index.php?rest_route=%2Fwp%2Fv2%2Fmedia&parent=70620"}],"wp:term":[{"taxonomy":"category","embeddable":true,"href":"https:\/\/zonaroja.com.mx\/index.php?rest_route=%2Fwp%2Fv2%2Fcategories&post=70620"},{"taxonomy":"post_tag","embeddable":true,"href":"https:\/\/zonaroja.com.mx\/index.php?rest_route=%2Fwp%2Fv2%2Ftags&post=70620"}],"curies":[{"name":"wp","href":"https:\/\/api.w.org\/{rel}","templated":true}]}}