{"id":70625,"date":"2024-07-22T09:00:00","date_gmt":"2024-07-22T15:00:00","guid":{"rendered":"https:\/\/zonaroja.com.mx\/?p=70625"},"modified":"2024-07-22T08:33:22","modified_gmt":"2024-07-22T14:33:22","slug":"opinion-el-fraude-de-los-diputados-a-sus-electores","status":"publish","type":"post","link":"https:\/\/zonaroja.com.mx\/?p=70625","title":{"rendered":"Opini\u00f3n. El fraude de los diputados a sus electores"},"content":{"rendered":"\n<p>Ismael Garc\u00eda M.\/Zona Roja.<\/p>\n\n\n\n<p>Oaxaca, Oax., a 22 de julio de 2024.- Facultad absoluta de la Mesa Directiva, el \u00f3rgano actual de la 65 Legislatura del Congreso del Estado de Oaxaca, simplemente le ha fallado a quienes votaron por ellos. Tambi\u00e9n las y los diputados faltistas han defraudado la confianza que depositaron en ellos.<\/p>\n\n\n\n<p>Y el principal ejemplo de las irresponsabilidades es Samuel Gurri\u00f3n Mat\u00edas, ex priista y ex panista, hoy del Partido Verde, y quien, pese a su gris desempe\u00f1o, pretendi\u00f3 heredar su curul a su hija, sin ning\u00fan m\u00e9rito de \u00e9sta.<\/p>\n\n\n\n<p>En esta Legislatura, pero en particular en este a\u00f1o, la conducci\u00f3n de las sesiones hay rayado en sorna, alentada por el mismo Gurri\u00f3n, quien sin respeto a sus compa\u00f1eros legisladores, bromea durante las sesiones desde su cargo.<\/p>\n\n\n\n<p>No s\u00f3lo eso, ha sido incapaz de aplicar las medidas sancionadores para quienes de manera recurrente faltan a las asambleas deliberativas; quiz\u00e1 porque es uno de los m\u00e1s faltistas. Ni siquiera estuvo en la apertura de la primera sesi\u00f3n de este segundo periodo ordinario del \u00faltimo a\u00f1o de ejercicio legal, el pasado 1 de julio.<\/p>\n\n\n\n<p>LOS FALTISTAS<\/p>\n\n\n\n<p>Hace dos semanas, el 10 de julio, la segunda sesi\u00f3n ordinaria del \u00faltimo periodo de este a\u00f1o, fue el acab\u00f3se. Gurri\u00f3n Mat\u00edas tard\u00f3 hasta tres horas para iniciar la asamblea, esperando que se tuviera el qu\u00f3rum, pero sin llamar la atenci\u00f3n a los faltistas.<\/p>\n\n\n\n<p>En el colmo, ese d\u00eda, la reuni\u00f3n arranc\u00f3 con apenas 22 legisladores\u2026 y termin\u00f3 con 16. Reclamos, gritos, propuestas al aire, sin que se concretaran medidas m\u00e1s efectivas para frenar el ausentismo.<\/p>\n\n\n\n<p>Justo despu\u00e9s de esa fecha se revel\u00f3 la lista de los m\u00e1s faltistas a las sesiones del Congreso del Estado durante el primer periodo de este tercer a\u00f1o de ejercicio y el principal de ellos es No\u00e9 Doroteo Castillejos, del Partido del Trabajo, con 26 faltas, de 48 asistencias que debiera tener.<\/p>\n\n\n\n<p>Con el mismo n\u00famero la panista Antonia Natividad D\u00edaz Jim\u00e9nez, eterna diputada plurinominal; le sigue ni m\u00e1s ni menos que Alejandro Avil\u00e9s \u00c1lvarez, ex priista, tambi\u00e9n legislador plurinominal hasta en tres ocasiones; ahora morenista premiado por su servilismo con una diputaci\u00f3n federal, con 18 inasistencias.<\/p>\n\n\n\n<p>Ex del PT y ahora en Morena, M\u00edriam de los \u00c1ngeles Ruiz tambi\u00e9n logr\u00f3 16 faltas; le sigue uno de los pocos priistas que quedan en el Congreso, Freddy Gil Pineda, con 14 ausencias, pero curiosamente en las \u00faltimas sesiones ha sido el m\u00e1s quejumbroso porque no se inician a tiempo las asambleas.<\/p>\n\n\n\n<p>No se queda atr\u00e1s Luis Alfonso Silva Romo, con 13 faltas, ex de Morena ahora del PVEM, y as\u00ed se alista para irse al Senado. Quien debiera poner el ejemplo, Samuel Gurri\u00f3n, ha faltado en por lo menos 10 ocasiones.<\/p>\n\n\n\n<p>El pasado mi\u00e9rcoles, Gurri\u00f3n simplemente meti\u00f3 una solicitud de permiso, tras dos faltas anteriores, sin detallar las razones de su ausencia.<\/p>\n\n\n\n<p>\u00bfQU\u00c9 HACER?<\/p>\n\n\n\n<p>Ese mi\u00e9rcoles 17 de julio, la sesi\u00f3n arranc\u00f3 tambi\u00e9n tarde y con alrededor de 24 legisladores, finalmente llegaron a 36 en el transcurso de la reuni\u00f3n.<\/p>\n\n\n\n<p>Pero no se atrevieron a aprobar una propuesta de modificaci\u00f3n al reglamento interior y a la Ley Org\u00e1nica del Poder Legislativo, para poder aplicar sanciones m\u00e1s efectivas.<\/p>\n\n\n\n<p>Actualmente la norma permite hasta cinco ausencias en un periodo de sesiones, pero no hay detalles acerca de las medidas que se deber\u00e1n tomar en caso contrario.<\/p>\n\n\n\n<p>La semana pasada tambi\u00e9n, el presidente de la Junta de Coordinaci\u00f3n Pol\u00edtica, Sergio L\u00f3pez S\u00e1nchez, tuvo que salir al paso ante la ausencia de Gurri\u00f3n.<\/p>\n\n\n\n<p>Reconoci\u00f3 que hay una propuesta de modificaci\u00f3n al reglamento y la Ley Org\u00e1nica, pero hubo resistencias, incluso de los propios morenistas.<\/p>\n\n\n\n<p>Seg\u00fan explic\u00f3 a la prensa, hay un dictamen de la Comisi\u00f3n de Reglamentos y Pr\u00e1ctica Parlamentaria en que se busca que no sea descuento de un d\u00eda por una ausencia injustificada, sino que sea una semana.<\/p>\n\n\n\n<p>Tambi\u00e9n, reducir de cinco a tres faltas durante un periodo ordinario; no obstante, a\u00fan se discute la propuesta.<\/p>\n\n\n\n<p>El caso es que ni los propios legisladores pretende autorregularse pero s\u00ed avalar iniciativas que nada tienen que ver con las leyes, sino para supuesta protecci\u00f3n de las tradiciones y cultura, al declarar patrimonio hasta a los chapulines.<\/p>\n\n\n\n<p>La sentencia de L\u00f3pez S\u00e1nchez fue tambi\u00e9n de reconocimiento:<\/p>\n\n\n\n<p>\u201cNo hay necesidad a lo mejor de descuentos, que se se\u00f1ale qui\u00e9nes no asisten, si todos cumplimos com la encomienda, porque cuando andamos en campa\u00f1a nos comprometemos y de repente la ausencia habla de la falta de compromiso; en el caso particular de Morena, tenemos principios y tenemos que hacerlos valer en los hechos, porque si no entonces estamos traicionando la confianza del pueblo\u201d.<\/p>\n\n\n\n<p>De aprobarse modificaciones a la norma interna del Poder Legislativo, la actual 65 Legislatura sentar\u00eda un precedente; caso contrario, seguir\u00e1 lo mismo que hac\u00edan los priistas.<\/p>\n","protected":false},"excerpt":{"rendered":"<p>Ismael Garc\u00eda M.\/Zona Roja. Oaxaca, Oax., a 22 de julio de 2024.- Facultad absoluta de&hellip;<\/p>\n","protected":false},"author":2,"featured_media":67764,"comment_status":"closed","ping_status":"open","sticky":false,"template":"","format":"standard","meta":{"_lmt_disableupdate":"","_lmt_disable":"","_jetpack_memberships_contains_paid_content":false,"footnotes":""},"categories":[456,109,48],"tags":[1353],"class_list":["post-70625","post","type-post","status-publish","format-standard","has-post-thumbnail","hentry","category-columna","category-minuto-a-minuto","category-zona-critica","tag-opinion-zona-critica"],"jetpack_featured_media_url":"https:\/\/zonaroja.com.mx\/wp-content\/uploads\/2024\/04\/Opinion-Zona-Roja-Ismael-Garcia.jpg","jetpack_sharing_enabled":true,"_links":{"self":[{"href":"https:\/\/zonaroja.com.mx\/index.php?rest_route=\/wp\/v2\/posts\/70625","targetHints":{"allow":["GET"]}}],"collection":[{"href":"https:\/\/zonaroja.com.mx\/index.php?rest_route=\/wp\/v2\/posts"}],"about":[{"href":"https:\/\/zonaroja.com.mx\/index.php?rest_route=\/wp\/v2\/types\/post"}],"author":[{"embeddable":true,"href":"https:\/\/zonaroja.com.mx\/index.php?rest_route=\/wp\/v2\/users\/2"}],"replies":[{"embeddable":true,"href":"https:\/\/zonaroja.com.mx\/index.php?rest_route=%2Fwp%2Fv2%2Fcomments&post=70625"}],"version-history":[{"count":1,"href":"https:\/\/zonaroja.com.mx\/index.php?rest_route=\/wp\/v2\/posts\/70625\/revisions"}],"predecessor-version":[{"id":70626,"href":"https:\/\/zonaroja.com.mx\/index.php?rest_route=\/wp\/v2\/posts\/70625\/revisions\/70626"}],"wp:featuredmedia":[{"embeddable":true,"href":"https:\/\/zonaroja.com.mx\/index.php?rest_route=\/wp\/v2\/media\/67764"}],"wp:attachment":[{"href":"https:\/\/zonaroja.com.mx\/index.php?rest_route=%2Fwp%2Fv2%2Fmedia&parent=70625"}],"wp:term":[{"taxonomy":"category","embeddable":true,"href":"https:\/\/zonaroja.com.mx\/index.php?rest_route=%2Fwp%2Fv2%2Fcategories&post=70625"},{"taxonomy":"post_tag","embeddable":true,"href":"https:\/\/zonaroja.com.mx\/index.php?rest_route=%2Fwp%2Fv2%2Ftags&post=70625"}],"curies":[{"name":"wp","href":"https:\/\/api.w.org\/{rel}","templated":true}]}}