{"id":70627,"date":"2024-07-22T08:37:41","date_gmt":"2024-07-22T14:37:41","guid":{"rendered":"https:\/\/zonaroja.com.mx\/?p=70627"},"modified":"2024-07-22T08:37:44","modified_gmt":"2024-07-22T14:37:44","slug":"buscan-prevenir-y-eliminar-violencia-obstetrica-en-oaxaca","status":"publish","type":"post","link":"https:\/\/zonaroja.com.mx\/?p=70627","title":{"rendered":"Buscan prevenir y eliminar violencia obst\u00e9trica en Oaxaca"},"content":{"rendered":"\n<p>Redacci\u00f3n\/Zona Roja.<\/p>\n\n\n\n<p>Oaxaca de Ju\u00e1rez, Oax., 22 de julio de 2024.- Con 36 votos a favor, el Pleno de la 65 Legislatura local reform\u00f3 la Ley Estatal de Salud, para prevenir y eliminar la violencia obst\u00e9trica en el estado.<\/p>\n\n\n\n<p>Con la modificaci\u00f3n aprobada, qued\u00f3 establecido en el art\u00edculo 56 que el personal m\u00e9dico debe de dar a las mujeres embarazadas \u201cla atenci\u00f3n humanizada, sin violencia, ni discriminaci\u00f3n, y con enfoque de derechos humanos durante el embarazo, el parto y el puerperio\u201d.<\/p>\n\n\n\n<p>Asimismo, que la mujer embarazada si lo desea \u201cen todo momento puede estar acompa\u00f1ada por alg\u00fan familiar, amistad o persona de su confianza durante el trabajo de parto, el parto, en su caso el procedimiento de ces\u00e1rea y en toda la atenci\u00f3n materno-infantil\u201d.<\/p>\n\n\n\n<p>Mientras que en el art\u00edculo 59, se determin\u00f3 que las autoridades sanitarias del estado deber\u00e1n implementar acciones para impulsar y fomentar la capacitaci\u00f3n y sensibilizaci\u00f3n continua al personal de salud que presta servicios en la atenci\u00f3n gineco-obst\u00e9trica para evitar prejuicios basados en la discriminaci\u00f3n de las mujeres y brindarles informaci\u00f3n sobre sus derechos relacionados con el embarazo, el parto y el puerperio.<\/p>\n\n\n\n<p>De igual manera, en el art\u00edculo 62 se estableci\u00f3 que el personal de salud tendr\u00e1 la obligaci\u00f3n de informar a las mujeres embarazadas sobre su derecho a estar acompa\u00f1adas por una persona de confianza durante el trabajo de parto, el parto, el procedimiento de ces\u00e1rea y en toda la atenci\u00f3n materno-infantil, debi\u00e9ndose tomar las medidas de higiene y seguridad necesarias.<\/p>\n\n\n\n<p>Estas modificaciones aprobadas surgen de tres iniciativas de reforma, las cuales fueron presentadas por el diputado Sergio L\u00f3pez S\u00e1nchez, la legisladora Mariana Ben\u00edtez Tiburcio, las diputadas Elvia Gabriela P\u00e9rez L\u00f3pez, Eva Diego Cruz y por el congresista Samuel Gurri\u00f3n Mat\u00edas.<\/p>\n\n\n\n<p>Con ello, se busca reducir la muerte materna en Oaxaca, y garantizar a las mujeres el acceso a la salud.<\/p>\n\n\n\n<p>\u201cLa salud materna representa el desarrollo adecuado del control prenatal y perinatal, es decir, antes, durante y despu\u00e9s de los primeros 40 d\u00edas de nacimiento del beb\u00e9 para garantizar un embarazo saludable, un parto seguro y un puerperio sin complicaciones\u201d, refiri\u00f3 el legislador Sergio L\u00f3pez S\u00e1nchez, en su exposici\u00f3n de motivos.<\/p>\n\n\n\n<p>Por su parte, la diputada Mariana Ben\u00edtez Tiburcio destac\u00f3 que la entidad oaxaque\u00f1a da un paso importante con la aprobaci\u00f3n de la reforma, para que la Secretar\u00eda de Salud impulse acciones para la erradicaci\u00f3n de la violencia obst\u00e9trica.<\/p>\n\n\n\n<p>De acuerdo con datos obtenidos por la Encuesta Nacional sobre la Din\u00e1mica de las Relaciones en los Hogares (ENDIREH 2021), en Oaxaca de un total de 280 mil 854 mujeres de entre 15 y 49 a\u00f1os que tuvieron su \u00faltimo parto entre 2016 y 2021, el 32.4% fue maltratada en alg\u00fan momento de su \u00faltimo parto, es decir, m\u00e1s de 90 mil 968 mujeres vivieron alg\u00fan suceso de violencia obst\u00e9trica.<\/p>\n\n\n\n<p>El decreto aprobado entrar\u00e1 en vigor al d\u00eda siguiente de su publicaci\u00f3n en el Peri\u00f3dico Oficial del Estado de Oaxaca.<\/p>\n","protected":false},"excerpt":{"rendered":"<p>Redacci\u00f3n\/Zona Roja. Oaxaca de Ju\u00e1rez, Oax., 22 de julio de 2024.- Con 36 votos a&hellip;<\/p>\n","protected":false},"author":2,"featured_media":70628,"comment_status":"closed","ping_status":"open","sticky":false,"template":"","format":"standard","meta":{"_lmt_disableupdate":"","_lmt_disable":"","_jetpack_memberships_contains_paid_content":false,"footnotes":""},"categories":[109,46],"tags":[2743],"class_list":["post-70627","post","type-post","status-publish","format-standard","has-post-thumbnail","hentry","category-minuto-a-minuto","category-zona-blanca","tag-65-legislatura-del-estado-de-oaxaca"],"jetpack_featured_media_url":"https:\/\/zonaroja.com.mx\/wp-content\/uploads\/2024\/07\/Congreso-Oaxaca-votacion.jpeg","jetpack_sharing_enabled":true,"_links":{"self":[{"href":"https:\/\/zonaroja.com.mx\/index.php?rest_route=\/wp\/v2\/posts\/70627","targetHints":{"allow":["GET"]}}],"collection":[{"href":"https:\/\/zonaroja.com.mx\/index.php?rest_route=\/wp\/v2\/posts"}],"about":[{"href":"https:\/\/zonaroja.com.mx\/index.php?rest_route=\/wp\/v2\/types\/post"}],"author":[{"embeddable":true,"href":"https:\/\/zonaroja.com.mx\/index.php?rest_route=\/wp\/v2\/users\/2"}],"replies":[{"embeddable":true,"href":"https:\/\/zonaroja.com.mx\/index.php?rest_route=%2Fwp%2Fv2%2Fcomments&post=70627"}],"version-history":[{"count":1,"href":"https:\/\/zonaroja.com.mx\/index.php?rest_route=\/wp\/v2\/posts\/70627\/revisions"}],"predecessor-version":[{"id":70629,"href":"https:\/\/zonaroja.com.mx\/index.php?rest_route=\/wp\/v2\/posts\/70627\/revisions\/70629"}],"wp:featuredmedia":[{"embeddable":true,"href":"https:\/\/zonaroja.com.mx\/index.php?rest_route=\/wp\/v2\/media\/70628"}],"wp:attachment":[{"href":"https:\/\/zonaroja.com.mx\/index.php?rest_route=%2Fwp%2Fv2%2Fmedia&parent=70627"}],"wp:term":[{"taxonomy":"category","embeddable":true,"href":"https:\/\/zonaroja.com.mx\/index.php?rest_route=%2Fwp%2Fv2%2Fcategories&post=70627"},{"taxonomy":"post_tag","embeddable":true,"href":"https:\/\/zonaroja.com.mx\/index.php?rest_route=%2Fwp%2Fv2%2Ftags&post=70627"}],"curies":[{"name":"wp","href":"https:\/\/api.w.org\/{rel}","templated":true}]}}