{"id":70631,"date":"2024-07-22T12:59:24","date_gmt":"2024-07-22T18:59:24","guid":{"rendered":"https:\/\/zonaroja.com.mx\/?p=70631"},"modified":"2024-07-22T12:59:24","modified_gmt":"2024-07-22T18:59:24","slug":"cautiva-a-propios-y-visitantes-primera-presentacion-de-donaji-la-leyenda","status":"publish","type":"post","link":"https:\/\/zonaroja.com.mx\/?p=70631","title":{"rendered":"Cautiva a propios y visitantes primera presentaci\u00f3n de \u201cDonaj\u00ed, la Leyenda\u201d"},"content":{"rendered":"\n<p>Redacci\u00f3n\/Zona Roja.&nbsp;<\/p>\n\n\n\n<p class=\"MsoNormal\">Oaxaca de Ju\u00e1rez, Oax., &nbsp;22 de julio de 2024.- Ante miles de espectadores que se dieron cita en el Auditorio Guelaguetza, la primera funci\u00f3n del espect\u00e1culo danc\u00edstico, Donaj\u00ed\u2026La Leyenda, fue todo un \u00e9xito.&nbsp;<\/p>\n\n\n\n<p class=\"MsoNormal\">Oaxaque\u00f1as, oaxaque\u00f1os y asistentes de todas partes del mundo, disfrutaron de la esencia del pueblo oaxaque\u00f1o representado a trav\u00e9s de la obra presentada, a\u00f1o con a\u00f1o, a cargo del Ballet Folkl\u00f3rico de Oaxaca.&nbsp;<\/p>\n\n\n\n<p class=\"MsoNormal\">El Presidente Municipal, Francisco Mart\u00ednez Neri, acompa\u00f1ado de la Presidenta del Sistema DIF Municipal, Bernarda Gonz\u00e1lez Rivas, record\u00f3 que el pr\u00f3ximo&nbsp;28 de julio a las 20:00horas se realizar\u00e1 la segunda funci\u00f3n.&nbsp;<\/p>\n\n\n\n<p class=\"MsoNormal\">\u201cEsta obra emblem\u00e1tica de Oaxaca captura el esp\u00edritu de lucha y libertad, que deja una huella en el coraz\u00f3n de quienes la conocen\u201d, indic\u00f3 el edil con la asistencia de la secretaria de Turismo del Estado, Saymi Pineda Velasco.<\/p>\n\n\n\n<p class=\"MsoNormal\">Por su parte, el secretario de Fomento Tur\u00edstico, \u00c1ngel Norberto Osorio Morales, indic\u00f3 que se registr\u00f3 saldo blanco durante la primera funci\u00f3n, y el evento se caracteriz\u00f3 por la algarab\u00eda de las y los asistentes que pudieron disfrutar del espect\u00e1culo.&nbsp;<\/p>\n\n\n\n<p class=\"MsoNormal\">Los boletos para la siguiente funci\u00f3n est\u00e1n disponibles en la plataforma de&nbsp;<a href=\"https:\/\/na01.safelinks.protection.outlook.com\/?url=http%3A%2F%2Fsuperboletos.com%2F&amp;data=05%7C02%7C%7C173b4b6361bf4575a47d08dcaa6e1f3c%7C84df9e7fe9f640afb435aaaaaaaaaaaa%7C1%7C0%7C638572637508735159%7CUnknown%7CTWFpbGZsb3d8eyJWIjoiMC4wLjAwMDAiLCJQIjoiV2luMzIiLCJBTiI6Ik1haWwiLCJXVCI6Mn0%3D%7C0%7C%7C%7C&amp;sdata=oewLHUEjMqAEjDOLjxfjw2r3oRDxunen5qiRQnz6cfc%3D&amp;reserved=0\">superboletos.com<\/a>, o bien en el Palacio Municipal y m\u00f3dulos de informaci\u00f3n tur\u00edstica ubicados en la Alameda del L\u00e9on y Santo Domingo de Guzm\u00e1n; los palcos C y D son gratuitos sin necesidad de presentar boletos.<\/p>\n\n\n\n<p class=\"MsoNormal\">El relato de Donaj\u00ed se sit\u00faa en el a\u00f1o 1,501, con el pacto del rey Cosijoeza con los mexicas y el nacimiento de Alma Grande; da cuenta del amor imposible entre la princesa zapoteca y Nucano, pr\u00edncipe mixteco, pueblos guerreros irreconciliables y Donaj\u00ed paga con su vida la derrota de su pueblo.<\/p>\n","protected":false},"excerpt":{"rendered":"<p>Redacci\u00f3n\/Zona Roja.&nbsp; Oaxaca de Ju\u00e1rez, Oax., &nbsp;22 de julio de 2024.- Ante miles de espectadores&hellip;<\/p>\n","protected":false},"author":2,"featured_media":70630,"comment_status":"closed","ping_status":"open","sticky":false,"template":"","format":"standard","meta":{"_lmt_disableupdate":"","_lmt_disable":"","_jetpack_memberships_contains_paid_content":false,"footnotes":""},"categories":[109,46],"tags":[],"class_list":["post-70631","post","type-post","status-publish","format-standard","has-post-thumbnail","hentry","category-minuto-a-minuto","category-zona-blanca"],"jetpack_featured_media_url":"https:\/\/zonaroja.com.mx\/wp-content\/uploads\/2024\/07\/whatsapp-image-2024-07-22-at-10.41.38-am-1.jpg","jetpack_sharing_enabled":true,"_links":{"self":[{"href":"https:\/\/zonaroja.com.mx\/index.php?rest_route=\/wp\/v2\/posts\/70631","targetHints":{"allow":["GET"]}}],"collection":[{"href":"https:\/\/zonaroja.com.mx\/index.php?rest_route=\/wp\/v2\/posts"}],"about":[{"href":"https:\/\/zonaroja.com.mx\/index.php?rest_route=\/wp\/v2\/types\/post"}],"author":[{"embeddable":true,"href":"https:\/\/zonaroja.com.mx\/index.php?rest_route=\/wp\/v2\/users\/2"}],"replies":[{"embeddable":true,"href":"https:\/\/zonaroja.com.mx\/index.php?rest_route=%2Fwp%2Fv2%2Fcomments&post=70631"}],"version-history":[{"count":1,"href":"https:\/\/zonaroja.com.mx\/index.php?rest_route=\/wp\/v2\/posts\/70631\/revisions"}],"predecessor-version":[{"id":70632,"href":"https:\/\/zonaroja.com.mx\/index.php?rest_route=\/wp\/v2\/posts\/70631\/revisions\/70632"}],"wp:featuredmedia":[{"embeddable":true,"href":"https:\/\/zonaroja.com.mx\/index.php?rest_route=\/wp\/v2\/media\/70630"}],"wp:attachment":[{"href":"https:\/\/zonaroja.com.mx\/index.php?rest_route=%2Fwp%2Fv2%2Fmedia&parent=70631"}],"wp:term":[{"taxonomy":"category","embeddable":true,"href":"https:\/\/zonaroja.com.mx\/index.php?rest_route=%2Fwp%2Fv2%2Fcategories&post=70631"},{"taxonomy":"post_tag","embeddable":true,"href":"https:\/\/zonaroja.com.mx\/index.php?rest_route=%2Fwp%2Fv2%2Ftags&post=70631"}],"curies":[{"name":"wp","href":"https:\/\/api.w.org\/{rel}","templated":true}]}}