{"id":70635,"date":"2024-07-22T22:06:30","date_gmt":"2024-07-23T04:06:30","guid":{"rendered":"https:\/\/zonaroja.com.mx\/?p=70635"},"modified":"2024-07-22T22:06:31","modified_gmt":"2024-07-23T04:06:31","slug":"protesta-cineasta-angeles-cruz-en-guelaguetza-y-la-violentan","status":"publish","type":"post","link":"https:\/\/zonaroja.com.mx\/?p=70635","title":{"rendered":"Protesta cineasta \u00c1ngeles Cruz en Guelaguetza\u2026 y la violentan"},"content":{"rendered":"\n<p>Raymundo Morales\/Zona Roja.<\/p>\n\n\n\n<p>Oaxaca de Ju\u00e1rez, Oax., a 22 de julio de 2024.- Tras los hechos violentos sucedidos el pasado 17 de julio en su localidad L\u00e1zaro C\u00e1rdenas, del municipio de San Miguel El Grande, la actriz y directora de cine \u00c1ngeles Cruz, protest\u00f3 en la primera edici\u00f3n de la Guelaguetza en Oaxaca.<\/p>\n\n\n\n<p>Sin embargo, en un video que comparti\u00f3 en redes sociales, acus\u00f3 violencia en su contra, al ser intimidada por presuntos polic\u00edas y trabajadores del gobierno; en el acto fue tambi\u00e9n agredido Edwin Hern\u00e1ndez, fot\u00f3grafo de \u201cEl Universal\u201d Oaxaca.<\/p>\n\n\n\n<p>\u201cAqu\u00ed estamos en la Guelaguetza julio 2024, obviamente estoy rodeada de personas que me est\u00e1n vigilando, pero aqu\u00ed estamos manifest\u00e1ndonos y para tratar de ver al gobernador y que nos d\u00e9 una cita urgente para resolver el tema d de agresiones que ha sufrido el pueblo de san Miguel El Grande\u201d, difundi\u00f3.<\/p>\n\n\n\n<p>La galardonada artista se refer\u00eda a los recientes ataques por parte de Llano de Guadalupe, del municipio Heroica Ciudad de Tlaxiaco, en contra de la localidad de L\u00e1zaro C\u00e1rdenas, en que incendiaron viviendas y una parte del bosque.<\/p>\n\n\n\n<p>Pero adem\u00e1s, busca justicia para las ocho personas asesinadas el a\u00f1o pasado, en dos hechos distintos.<\/p>\n\n\n\n<p>Sin embargo, fue hostigada para impedir que se manifestara de otra forma; logr\u00f3 ponerse de pie, con las manos en alto, para mostrar un mensaje de auxilio en su playera.<\/p>\n\n\n\n<p>Cuando ya se iba a retirar del lugar, el fot\u00f3grafo Edwin Hern\u00e1ndez capt\u00f3 el momento en video y fotograf\u00edas, pero fue intimidado por personal del gobierno estatal que, a la salida, le rompi\u00f3 el gafete, para que no pudiera volver a ingresar.<\/p>\n\n\n\n<p>En redes sociales, identificaron a una de las agresoras como Adriana Balseca, integrante de la Coordinaci\u00f3n de Delegados de Paz; as\u00ed como personal de la Secretar\u00eda de Gobierno y de la Coordinaci\u00f3n de Giras.<\/p>\n\n\n\n<figure class=\"wp-block-embed is-type-rich is-provider-twitter wp-block-embed-twitter\"><div class=\"wp-block-embed__wrapper\">\n<div class=\"twitter-tweet\"><blockquote class=\"twitter-tweet\" data-lang=\"es\"><p lang=\"es\" dir=\"ltr\">\u00bfPor qu\u00e9 la intolerancia contra el fot\u00f3grafo <a href=\"https:\/\/twitter.com\/FotoEdwin?ref_src=twsrc%5Etfw\">@FotoEdwin<\/a>, de <a href=\"https:\/\/twitter.com\/ElUniversalOax?ref_src=twsrc%5Etfw\">@ElUniversalOax<\/a>? <br>S\u00f3lo cumpl\u00eda su trabajo. \u00bfQu\u00e9 pasa <a href=\"https:\/\/twitter.com\/GobOax?ref_src=twsrc%5Etfw\">@goboax<\/a>? <a href=\"https:\/\/twitter.com\/CNDH?ref_src=twsrc%5Etfw\">@CNDH<\/a> <a href=\"https:\/\/twitter.com\/FGRMexico?ref_src=twsrc%5Etfw\">@FGRMexico<\/a> <a href=\"https:\/\/twitter.com\/DDHPO?ref_src=twsrc%5Etfw\">@DDHPO<\/a> <a href=\"https:\/\/twitter.com\/FISCALIA_GobOax?ref_src=twsrc%5Etfw\">@FISCALIA_GobOax<\/a> <a href=\"https:\/\/twitter.com\/article19mex?ref_src=twsrc%5Etfw\">@article19mex<\/a> <a href=\"https:\/\/twitter.com\/El_Universal_Mx?ref_src=twsrc%5Etfw\">@El_Universal_Mx<\/a> <a href=\"https:\/\/t.co\/pXV5YW42VV\">pic.twitter.com\/pXV5YW42VV<\/a><\/p>&mdash; Zona Roja Oaxaca (@ZonaRoja_Oaxaca) <a href=\"https:\/\/twitter.com\/ZonaRoja_Oaxaca\/status\/1815502057614499861?ref_src=twsrc%5Etfw\">22 de julio de 2024<\/a><\/blockquote><\/div>\n<\/div><\/figure>\n","protected":false},"excerpt":{"rendered":"<p>Raymundo Morales\/Zona Roja. Oaxaca de Ju\u00e1rez, Oax., a 22 de julio de 2024.- Tras los&hellip;<\/p>\n","protected":false},"author":2,"featured_media":70636,"comment_status":"closed","ping_status":"open","sticky":false,"template":"","format":"standard","meta":{"_lmt_disableupdate":"","_lmt_disable":"","_jetpack_memberships_contains_paid_content":false,"footnotes":""},"categories":[109,47],"tags":[2510],"class_list":["post-70635","post","type-post","status-publish","format-standard","has-post-thumbnail","hentry","category-minuto-a-minuto","category-zona-gris","tag-angeles-cruz-murillo"],"jetpack_featured_media_url":"https:\/\/zonaroja.com.mx\/wp-content\/uploads\/2024\/07\/Actriz-Angeles-Cruz-Guelaguetza.jpg","jetpack_sharing_enabled":true,"_links":{"self":[{"href":"https:\/\/zonaroja.com.mx\/index.php?rest_route=\/wp\/v2\/posts\/70635","targetHints":{"allow":["GET"]}}],"collection":[{"href":"https:\/\/zonaroja.com.mx\/index.php?rest_route=\/wp\/v2\/posts"}],"about":[{"href":"https:\/\/zonaroja.com.mx\/index.php?rest_route=\/wp\/v2\/types\/post"}],"author":[{"embeddable":true,"href":"https:\/\/zonaroja.com.mx\/index.php?rest_route=\/wp\/v2\/users\/2"}],"replies":[{"embeddable":true,"href":"https:\/\/zonaroja.com.mx\/index.php?rest_route=%2Fwp%2Fv2%2Fcomments&post=70635"}],"version-history":[{"count":1,"href":"https:\/\/zonaroja.com.mx\/index.php?rest_route=\/wp\/v2\/posts\/70635\/revisions"}],"predecessor-version":[{"id":70637,"href":"https:\/\/zonaroja.com.mx\/index.php?rest_route=\/wp\/v2\/posts\/70635\/revisions\/70637"}],"wp:featuredmedia":[{"embeddable":true,"href":"https:\/\/zonaroja.com.mx\/index.php?rest_route=\/wp\/v2\/media\/70636"}],"wp:attachment":[{"href":"https:\/\/zonaroja.com.mx\/index.php?rest_route=%2Fwp%2Fv2%2Fmedia&parent=70635"}],"wp:term":[{"taxonomy":"category","embeddable":true,"href":"https:\/\/zonaroja.com.mx\/index.php?rest_route=%2Fwp%2Fv2%2Fcategories&post=70635"},{"taxonomy":"post_tag","embeddable":true,"href":"https:\/\/zonaroja.com.mx\/index.php?rest_route=%2Fwp%2Fv2%2Ftags&post=70635"}],"curies":[{"name":"wp","href":"https:\/\/api.w.org\/{rel}","templated":true}]}}