{"id":70638,"date":"2024-07-23T07:23:46","date_gmt":"2024-07-23T13:23:46","guid":{"rendered":"https:\/\/zonaroja.com.mx\/?p=70638"},"modified":"2024-07-23T07:23:49","modified_gmt":"2024-07-23T13:23:49","slug":"movimiento-de-periodistas-repudia-agresion-a-fotografo-en-la-guelaguetza","status":"publish","type":"post","link":"https:\/\/zonaroja.com.mx\/?p=70638","title":{"rendered":"Movimiento de periodistas repudia agresi\u00f3n a fot\u00f3grafo en la Guelaguetza"},"content":{"rendered":"\n<p>Ismael Garc\u00eda M.\/Zona Roja.<\/p>\n\n\n\n<p>Oaxaca de Ju\u00e1rez, Oax., a 23 de julio de 2024.- El movimiento Periodismo en Riesgo Oaxaca conden\u00f3 la agresi\u00f3n al fot\u00f3grafo Edwin Hern\u00e1ndez, presuntamente por parte de funcionarios del Gobierno del Estado, durante una cobertura informativa en el auditorio \u201cGuelaguetza\u201d.<\/p>\n\n\n\n<p>\u201cPor tomar fotos de una cineasta que protestaba en el auditorio \u201cGuelaguetza\u201d. Ya finalizada la 1er funci\u00f3n, me empezaron a empujar guaruras del gobernador y un grupo de mujeres que le imped\u00eda a ella hacer cualquier tipo de protesta.<\/p>\n\n\n\n<p>\u201cAl final tuve que salir por otra puerta, me siguieron, me jalaron la acreditaci\u00f3n rompi\u00e9ndola\u2026<\/p>\n\n\n\n<p>\u201cDurante 16 a\u00f1os cubriendo las Guelaguetza no me hab\u00eda pasado, pese a que ha habido protestas dentro de la funci\u00f3n\u201d, poste\u00f3 el fot\u00f3grafo del diario \u201cEl Universal\u201d Oaxaca y \u201cEl Universal\u201d nacional.<\/p>\n\n\n\n<p>Ocurri\u00f3 poco despu\u00e9s de las 10:00 horas de ayer, cuando la actriz y directora de cine \u00c1ngeles Cruz, originaria de Oaxaca, protest\u00f3 de manera pac\u00edfica para exigir un alto a los ataques de la comunidad de Llano de Guadalupe, Tlaxiaco, contra L\u00e1zaro C\u00e1rdenas, San Miguel El Grande.<\/p>\n\n\n\n<p>Sin embargo, de distintas formas tambi\u00e9n a ella le impidieron y bloquearon su protesta; justo cuando la actriz se retiraba, ocurri\u00f3 la agresi\u00f3n contra Edwin Hern\u00e1ndez.<\/p>\n\n\n\n<p>\u201cLos hechos ocurridos, donde funcionarias y funcionarios del Gobierno del Estado obstaculizaron deliberadamente el trabajo del compa\u00f1ero periodista, impidi\u00e9ndole el paso y posteriormente intimid\u00e1ndolo hasta bloquear por completo su labor informativa, representan una grave violaci\u00f3n a la libertad de prensa y al derecho a la informaci\u00f3n.<\/p>\n\n\n\n<p>\u201cEstos actos demuestran una preocupante falta de comprensi\u00f3n sobre la importancia del trabajo period\u00edstico y constituyen un ataque directo contra los medios de comunicaci\u00f3n. En un contexto de creciente violencia contra periodistas en M\u00e9xico, es inaceptable que representantes del gobierno act\u00faen de manera hostil contra quienes ejercen su labor informativa\u201d, destac\u00f3 el movimiento Periodismo en Riesgo Oaxaca.<\/p>\n\n\n\n<p>Demand\u00f3 una investigaci\u00f3n inmediata y exhaustiva de los hechos; identificaci\u00f3n de los agresores; implementaci\u00f3n de protocolos efectivos para garantizar el ejercicio period\u00edstico; una disculpa p\u00fablica a la v\u00edctima de las agresiones; capacitaci\u00f3n a funcionarios acerca del respeto a la labor period\u00edstica.&nbsp;<\/p>\n\n\n\n<p>\u201cRecordamos a las autoridades que su deber es proteger y garantizar el ejercicio period\u00edstico, no obstaculizarlo. La prensa libre es fundamental para la democracia y el derecho ciudadano a estar informado\u201d.<\/p>\n","protected":false},"excerpt":{"rendered":"<p>Ismael Garc\u00eda M.\/Zona Roja. Oaxaca de Ju\u00e1rez, Oax., a 23 de julio de 2024.- El&hellip;<\/p>\n","protected":false},"author":2,"featured_media":70639,"comment_status":"closed","ping_status":"open","sticky":false,"template":"","format":"standard","meta":{"_lmt_disableupdate":"","_lmt_disable":"","_jetpack_memberships_contains_paid_content":false,"footnotes":""},"categories":[109,47],"tags":[3063],"class_list":["post-70638","post","type-post","status-publish","format-standard","has-post-thumbnail","hentry","category-minuto-a-minuto","category-zona-gris","tag-periodismo-en-riesgo-oaxaca"],"jetpack_featured_media_url":"https:\/\/zonaroja.com.mx\/wp-content\/uploads\/2024\/07\/Agresion-a-periodista-Edwin-Hernandez.jpg","jetpack_sharing_enabled":true,"_links":{"self":[{"href":"https:\/\/zonaroja.com.mx\/index.php?rest_route=\/wp\/v2\/posts\/70638","targetHints":{"allow":["GET"]}}],"collection":[{"href":"https:\/\/zonaroja.com.mx\/index.php?rest_route=\/wp\/v2\/posts"}],"about":[{"href":"https:\/\/zonaroja.com.mx\/index.php?rest_route=\/wp\/v2\/types\/post"}],"author":[{"embeddable":true,"href":"https:\/\/zonaroja.com.mx\/index.php?rest_route=\/wp\/v2\/users\/2"}],"replies":[{"embeddable":true,"href":"https:\/\/zonaroja.com.mx\/index.php?rest_route=%2Fwp%2Fv2%2Fcomments&post=70638"}],"version-history":[{"count":1,"href":"https:\/\/zonaroja.com.mx\/index.php?rest_route=\/wp\/v2\/posts\/70638\/revisions"}],"predecessor-version":[{"id":70640,"href":"https:\/\/zonaroja.com.mx\/index.php?rest_route=\/wp\/v2\/posts\/70638\/revisions\/70640"}],"wp:featuredmedia":[{"embeddable":true,"href":"https:\/\/zonaroja.com.mx\/index.php?rest_route=\/wp\/v2\/media\/70639"}],"wp:attachment":[{"href":"https:\/\/zonaroja.com.mx\/index.php?rest_route=%2Fwp%2Fv2%2Fmedia&parent=70638"}],"wp:term":[{"taxonomy":"category","embeddable":true,"href":"https:\/\/zonaroja.com.mx\/index.php?rest_route=%2Fwp%2Fv2%2Fcategories&post=70638"},{"taxonomy":"post_tag","embeddable":true,"href":"https:\/\/zonaroja.com.mx\/index.php?rest_route=%2Fwp%2Fv2%2Ftags&post=70638"}],"curies":[{"name":"wp","href":"https:\/\/api.w.org\/{rel}","templated":true}]}}