{"id":7064,"date":"2019-12-28T11:15:03","date_gmt":"2019-12-28T17:15:03","guid":{"rendered":"http:\/\/www.zonaroja.com.mx\/?p=7064"},"modified":"2019-12-28T08:16:49","modified_gmt":"2019-12-28T14:16:49","slug":"oaxaca-en-los-ultimos-lugares-de-crecimiento-anual-en-el-ultimo-lustro","status":"publish","type":"post","link":"https:\/\/zonaroja.com.mx\/?p=7064","title":{"rendered":"Oaxaca, en los \u00faltimos lugares de crecimiento anual en el \u00faltimo lustro"},"content":{"rendered":"\n<p>Redacci\u00f3n\/Zona Roja<\/p>\n\n\n\n<p>Oaxaca de Ju\u00e1rez, Oax., 28 de diciembre\nde 2019.- Oaxaca presenta una tasa negativa en cuanto a crecimiento econ\u00f3mico,\nya que se ubica entre las cinco entidades con menores \u00edndices, de acuerdo con\nlos datos emitidos por \u201cM\u00e9xico \u00bfc\u00f3mo vamos?\u201d, iniciativa ciudadana de personas\nexpertas en econom\u00eda. <\/p>\n\n\n\n<p>Ello pese a las declaraciones del\ngobierno de Oaxaca encabezado por Alejandro Murat Hinojosa, sobre un importante\ncrecimiento econ\u00f3mico en la entidad debido a las acciones realizadas durante la\nprimera mitad de su administraci\u00f3n, traducidas incluso en un crecimiento en su\nProducto Interno Bruto del 4.7%.<\/p>\n\n\n\n<p>As\u00ed como las expectativas favorecedoras\nde crecimiento econ\u00f3mico para el 2020 con los proyectos que impulsa el\npresidente de la rep\u00fablica, Andr\u00e9s Manuel L\u00f3pez Obrador, y el retiro de la\npropuesta de crear nuevos impuestos en la entidad, que declar\u00f3 el dirigente de\nla C\u00e1mara Nacional de Comercio en Peque\u00f1o y Servicios Tur\u00edsticos\n(Canacope-Servitur), Salvador Carlos L\u00f3pez L\u00f3pez.<\/p>\n\n\n\n<p>A trav\u00e9s de sus plataformas digitales,\nla organizaci\u00f3n dedicada a evaluar distintos rubros en materia econ\u00f3mica en las\n32 entidades federativas, ubica a Oaxaca en el lugar 28 con un crecimiento\nanual de 0.5 por ciento en los \u00faltimos cinco a\u00f1os, s\u00f3lo por encima de\nZacatecas, Chiapas, Tabasco y Campeche que se encuentran en el fondo de la lista.&nbsp; <\/p>\n\n\n\n<p>Con lo anterior, la entidad oaxaque\u00f1a\nse ubica en sem\u00e1foro naranja, muy cerca del rojo que presenta d\u00e9ficit\nconsiderable en torno al crecimiento econ\u00f3mico durante el \u00faltimo lustro y que\nubica a Campeche con -5.7 por ciento, siendo el estado peor calificado por la\ninstituci\u00f3n no gubernamental.&nbsp; <\/p>\n\n\n\n<p>Previamente y con datos del tercer\ntrimestre de este 2019, la organizaci\u00f3n asegur\u00f3 que con datos del INEGI el\ncrecimiento de Oaxaca fue de 1.3 por ciento solo por encima de Tamaulipas,\nChiapas, Tabasco y Campeche que conformaban los cincos \u00faltimos lugares en la\ntabla. <\/p>\n\n\n\n<p>El an\u00e1lisis realizado por la\norganizaci\u00f3n civil pone de manifiesto que lejos de cumplir con la meta de\ncrecimiento econ\u00f3mico del 4.5 por ciento, la administraci\u00f3n actual tiene un\nd\u00e9ficit de 2.6 por ciento anual, adem\u00e1s de haber aumentado la informalidad de\nlos empleos y la deuda p\u00fablica con datos hasta del tercer trimestre de este\n2019.<\/p>\n\n\n\n<p>La entidad no pudo cumplir con el\nobjetivo de generar 28 mil 950 empleos y se qued\u00f3 por debajo del 75 por ciento\ndel total, mientras que la tasa de empleos informales subi\u00f3 un .6 por ciento\npasando de 74.5 a 75.1 por ciento.<\/p>\n\n\n\n<p>La productividad baj\u00f3 de 80 a 74 pesos\npor hora trabajada, cantidad muy por debajo de la media nacional que es de 162\npesos; mientras que la deuda p\u00fablica subi\u00f3 de 4.1 a 4.5 por ciento pese al\ncompromiso del mandatario de mantener una econ\u00f3mica sustentable.<\/p>\n\n\n\n<p>Por su parte y a trav\u00e9s de un\ncomunicado de prensa, la secretar\u00eda de Econom\u00eda de la actual administraci\u00f3n\nregistr\u00f3 un crecimiento en su Producto Interno Bruto del 4.7%, superando a San\nLuis Potos\u00ed, Nuevo Le\u00f3n y Aguascalientes de acuerdo con los resultados del\ncrecimiento del Producto Interno Bruto del 2018 del Instituto Nacional de\nEstad\u00edstica y Geograf\u00eda (INEGI).<\/p>\n\n\n\n<p>El mismo documento publicado el pasado\n17 de diciembre pone de manifiesto que el gobierno de Murat Hinojosa trabaja\npara fortalecer la competitividad de la econom\u00eda estatal, impulsar la\nproductividad y desarrollar las ventajas comparativas y competitivas de la\nentidad.<\/p>\n","protected":false},"excerpt":{"rendered":"<p>Redacci\u00f3n\/Zona Roja Oaxaca de Ju\u00e1rez, Oax., 28 de diciembre de 2019.- Oaxaca presenta una tasa&hellip;<\/p>\n","protected":false},"author":2,"featured_media":7065,"comment_status":"closed","ping_status":"open","sticky":false,"template":"","format":"standard","meta":{"_lmt_disableupdate":"","_lmt_disable":"","_jetpack_memberships_contains_paid_content":false,"footnotes":""},"categories":[109,47],"tags":[1107],"class_list":["post-7064","post","type-post","status-publish","format-standard","has-post-thumbnail","hentry","category-minuto-a-minuto","category-zona-gris","tag-mexico-como-vamos"],"jetpack_featured_media_url":"https:\/\/zonaroja.com.mx\/wp-content\/uploads\/2019\/12\/Econom\u00eda-Oaxaca.jpg","jetpack_sharing_enabled":true,"_links":{"self":[{"href":"https:\/\/zonaroja.com.mx\/index.php?rest_route=\/wp\/v2\/posts\/7064","targetHints":{"allow":["GET"]}}],"collection":[{"href":"https:\/\/zonaroja.com.mx\/index.php?rest_route=\/wp\/v2\/posts"}],"about":[{"href":"https:\/\/zonaroja.com.mx\/index.php?rest_route=\/wp\/v2\/types\/post"}],"author":[{"embeddable":true,"href":"https:\/\/zonaroja.com.mx\/index.php?rest_route=\/wp\/v2\/users\/2"}],"replies":[{"embeddable":true,"href":"https:\/\/zonaroja.com.mx\/index.php?rest_route=%2Fwp%2Fv2%2Fcomments&post=7064"}],"version-history":[{"count":1,"href":"https:\/\/zonaroja.com.mx\/index.php?rest_route=\/wp\/v2\/posts\/7064\/revisions"}],"predecessor-version":[{"id":7066,"href":"https:\/\/zonaroja.com.mx\/index.php?rest_route=\/wp\/v2\/posts\/7064\/revisions\/7066"}],"wp:featuredmedia":[{"embeddable":true,"href":"https:\/\/zonaroja.com.mx\/index.php?rest_route=\/wp\/v2\/media\/7065"}],"wp:attachment":[{"href":"https:\/\/zonaroja.com.mx\/index.php?rest_route=%2Fwp%2Fv2%2Fmedia&parent=7064"}],"wp:term":[{"taxonomy":"category","embeddable":true,"href":"https:\/\/zonaroja.com.mx\/index.php?rest_route=%2Fwp%2Fv2%2Fcategories&post=7064"},{"taxonomy":"post_tag","embeddable":true,"href":"https:\/\/zonaroja.com.mx\/index.php?rest_route=%2Fwp%2Fv2%2Ftags&post=7064"}],"curies":[{"name":"wp","href":"https:\/\/api.w.org\/{rel}","templated":true}]}}