{"id":70641,"date":"2024-07-23T07:48:56","date_gmt":"2024-07-23T13:48:56","guid":{"rendered":"https:\/\/zonaroja.com.mx\/?p=70641"},"modified":"2024-07-23T08:29:53","modified_gmt":"2024-07-23T14:29:53","slug":"imparables-los-crimenes-en-la-region-del-istmo-otro-en-juchitan","status":"publish","type":"post","link":"https:\/\/zonaroja.com.mx\/?p=70641","title":{"rendered":"Imparables los cr\u00edmenes en la regi\u00f3n del Istmo; otro en Juchit\u00e1n"},"content":{"rendered":"\n<p>Raymundo Morales\/Zona Roja. Foto: ADN Sureste.<\/p>\n\n\n\n<p>Oaxaca de Ju\u00e1rez, Oax., a 23 de julio de 2024.- En menos de 12 horas, una segunda persona fue asesinada a balazos en la regi\u00f3n del Istmo de Tehuantepec.<\/p>\n\n\n\n<p>El crimen se perpetr\u00f3 anoche en un domicilio particular del barrio Cuarta Secci\u00f3n, municipio de Juchit\u00e1n de Zaragoza.<\/p>\n\n\n\n<p>Sujetos armados arribaron y dispararon de manera directa en contra de quien fue identificado posteriormente como Alfredo R., quien se encontraba sentado en la banqueta afuera de su casa.<\/p>\n\n\n\n<p>Los agresores lograron huir mientras que familiares del hoy occiso levantaron e introdujeron el cuerpo a su domicilio, lo cual dificult\u00f3 las labores periciales de la Vicefiscal\u00eda Regional del Istmo.<\/p>\n\n\n\n<p>Por la ma\u00f1ana, a un costado de la supercarretera Tehuantepec-Mitla, jurisdicci\u00f3n de Santa Mar\u00eda Mixtequilla, fue localizado el cuerpo de un individuo, con huellas de tortura y varios impactos de arma de fuego; hasta esta ma\u00f1ana no ha sido identificado.<\/p>\n","protected":false},"excerpt":{"rendered":"<p>Raymundo Morales\/Zona Roja. Foto: ADN Sureste. Oaxaca de Ju\u00e1rez, Oax., a 23 de julio de&hellip;<\/p>\n","protected":false},"author":2,"featured_media":70642,"comment_status":"closed","ping_status":"open","sticky":false,"template":"","format":"standard","meta":{"_lmt_disableupdate":"","_lmt_disable":"","_jetpack_memberships_contains_paid_content":false,"footnotes":""},"categories":[109,51],"tags":[123],"class_list":["post-70641","post","type-post","status-publish","format-standard","has-post-thumbnail","hentry","category-minuto-a-minuto","category-zona-roja","tag-juchitan-de-zaragoza"],"jetpack_featured_media_url":"https:\/\/zonaroja.com.mx\/wp-content\/uploads\/2024\/07\/Asesinado-en-Juchitan.jpeg","jetpack_sharing_enabled":true,"_links":{"self":[{"href":"https:\/\/zonaroja.com.mx\/index.php?rest_route=\/wp\/v2\/posts\/70641","targetHints":{"allow":["GET"]}}],"collection":[{"href":"https:\/\/zonaroja.com.mx\/index.php?rest_route=\/wp\/v2\/posts"}],"about":[{"href":"https:\/\/zonaroja.com.mx\/index.php?rest_route=\/wp\/v2\/types\/post"}],"author":[{"embeddable":true,"href":"https:\/\/zonaroja.com.mx\/index.php?rest_route=\/wp\/v2\/users\/2"}],"replies":[{"embeddable":true,"href":"https:\/\/zonaroja.com.mx\/index.php?rest_route=%2Fwp%2Fv2%2Fcomments&post=70641"}],"version-history":[{"count":2,"href":"https:\/\/zonaroja.com.mx\/index.php?rest_route=\/wp\/v2\/posts\/70641\/revisions"}],"predecessor-version":[{"id":70652,"href":"https:\/\/zonaroja.com.mx\/index.php?rest_route=\/wp\/v2\/posts\/70641\/revisions\/70652"}],"wp:featuredmedia":[{"embeddable":true,"href":"https:\/\/zonaroja.com.mx\/index.php?rest_route=\/wp\/v2\/media\/70642"}],"wp:attachment":[{"href":"https:\/\/zonaroja.com.mx\/index.php?rest_route=%2Fwp%2Fv2%2Fmedia&parent=70641"}],"wp:term":[{"taxonomy":"category","embeddable":true,"href":"https:\/\/zonaroja.com.mx\/index.php?rest_route=%2Fwp%2Fv2%2Fcategories&post=70641"},{"taxonomy":"post_tag","embeddable":true,"href":"https:\/\/zonaroja.com.mx\/index.php?rest_route=%2Fwp%2Fv2%2Ftags&post=70641"}],"curies":[{"name":"wp","href":"https:\/\/api.w.org\/{rel}","templated":true}]}}