{"id":70647,"date":"2024-07-23T13:23:00","date_gmt":"2024-07-23T19:23:00","guid":{"rendered":"https:\/\/zonaroja.com.mx\/?p=70647"},"modified":"2024-07-23T08:23:48","modified_gmt":"2024-07-23T14:23:48","slug":"arremete-de-nuevo-presidente-amlo-contra-medios-de-comunicacion","status":"publish","type":"post","link":"https:\/\/zonaroja.com.mx\/?p=70647","title":{"rendered":"Arremete de nuevo Presidente AMLO contra medios de comunicaci\u00f3n"},"content":{"rendered":"\n<p>Redacci\u00f3n\/Zona Roja Cdmx.<\/p>\n\n\n\n<p>Ciudad de M\u00e9xico, a 23 de julio de 2024.- Andr\u00e9s Manuel L\u00f3pez Obrador, Presidente de M\u00e9xico, asever\u00f3 que a los medios de comunicaci\u00f3n en M\u00e9xico han perdido credibilidad, y derivado de esto es que la gente \u201cya no les cree\u201d.<\/p>\n\n\n\n<p>En la conferencia matutina de ayer en Palacio Nacional, L\u00f3pez Obrador comparti\u00f3 una encuesta del Reuters Institute, donde se apunt\u00f3 que la credibilidad de los medios en M\u00e9xico ha ca\u00eddo 25 por ciento en tan solo ocho a\u00f1os.<\/p>\n\n\n\n<p>\u201cEsto es muy importante, porque miren c\u00f3mo se ha ca\u00eddo, ya no les creen. Esto deber\u00eda llevarlos a una revisi\u00f3n de sus pr\u00e1cticas, procedimientos, sus m\u00e9todos de informaci\u00f3n, porque no les cree la gente. 25 por ciento se cay\u00f3 la credibilidad de los medios en ocho a\u00f1os\u201d, dijo.<\/p>\n\n\n\n<p>\u201cEsto significa que los medios no entienden los nuevos reacomodos, siguen con el periodismo de antes, con la m\u00e1xima del hampa del periodismo de que la calumnia cuando no mancha, tizna\u201d, agreg\u00f3.<\/p>\n\n\n\n<p>El mandatario mexicano recalc\u00f3 que los medios en M\u00e9xico no informan con objetividad y profesionalismo, adem\u00e1s de que piensan que el pueblo es tonto todav\u00eda.<\/p>\n\n\n\n<p>\u201cNo informan con objetividad, con profesionalismo, no dicen la verdad y piensan que el pueblo es tonto, y como lo hemos dicho muchas veces tonto es el que piensa que el pueblo es tonto, la gente en M\u00e9xico est\u00e1 muy consciente, muy politizada, m\u00e1s que en otras partes del mundo\u201d, se\u00f1al\u00f3.<\/p>\n\n\n\n<p>\u201cYa no se traga tan f\u00e1cil los platos de mentiras bien aderezados y a veces tambi\u00e9n sin aderezo que daban antes, ahora la gente est\u00e1 as\u00ed\u201d, enfatiz\u00f3.<\/p>\n\n\n\n<p>(Con informaci\u00f3n de L\u00f3pez-D\u00f3riga Digital)<\/p>\n","protected":false},"excerpt":{"rendered":"<p>Redacci\u00f3n\/Zona Roja Cdmx. Ciudad de M\u00e9xico, a 23 de julio de 2024.- Andr\u00e9s Manuel L\u00f3pez&hellip;<\/p>\n","protected":false},"author":2,"featured_media":70550,"comment_status":"closed","ping_status":"open","sticky":false,"template":"","format":"standard","meta":{"_lmt_disableupdate":"","_lmt_disable":"","_jetpack_memberships_contains_paid_content":false,"footnotes":""},"categories":[109,47],"tags":[143],"class_list":["post-70647","post","type-post","status-publish","format-standard","has-post-thumbnail","hentry","category-minuto-a-minuto","category-zona-gris","tag-andres-manuel-lopez-obrador"],"jetpack_featured_media_url":"https:\/\/zonaroja.com.mx\/wp-content\/uploads\/2024\/07\/Andres-Manuel-Lopez-Obrador.jpeg","jetpack_sharing_enabled":true,"_links":{"self":[{"href":"https:\/\/zonaroja.com.mx\/index.php?rest_route=\/wp\/v2\/posts\/70647","targetHints":{"allow":["GET"]}}],"collection":[{"href":"https:\/\/zonaroja.com.mx\/index.php?rest_route=\/wp\/v2\/posts"}],"about":[{"href":"https:\/\/zonaroja.com.mx\/index.php?rest_route=\/wp\/v2\/types\/post"}],"author":[{"embeddable":true,"href":"https:\/\/zonaroja.com.mx\/index.php?rest_route=\/wp\/v2\/users\/2"}],"replies":[{"embeddable":true,"href":"https:\/\/zonaroja.com.mx\/index.php?rest_route=%2Fwp%2Fv2%2Fcomments&post=70647"}],"version-history":[{"count":1,"href":"https:\/\/zonaroja.com.mx\/index.php?rest_route=\/wp\/v2\/posts\/70647\/revisions"}],"predecessor-version":[{"id":70648,"href":"https:\/\/zonaroja.com.mx\/index.php?rest_route=\/wp\/v2\/posts\/70647\/revisions\/70648"}],"wp:featuredmedia":[{"embeddable":true,"href":"https:\/\/zonaroja.com.mx\/index.php?rest_route=\/wp\/v2\/media\/70550"}],"wp:attachment":[{"href":"https:\/\/zonaroja.com.mx\/index.php?rest_route=%2Fwp%2Fv2%2Fmedia&parent=70647"}],"wp:term":[{"taxonomy":"category","embeddable":true,"href":"https:\/\/zonaroja.com.mx\/index.php?rest_route=%2Fwp%2Fv2%2Fcategories&post=70647"},{"taxonomy":"post_tag","embeddable":true,"href":"https:\/\/zonaroja.com.mx\/index.php?rest_route=%2Fwp%2Fv2%2Ftags&post=70647"}],"curies":[{"name":"wp","href":"https:\/\/api.w.org\/{rel}","templated":true}]}}