{"id":70649,"date":"2024-07-23T10:30:00","date_gmt":"2024-07-23T16:30:00","guid":{"rendered":"https:\/\/zonaroja.com.mx\/?p=70649"},"modified":"2024-07-23T08:29:26","modified_gmt":"2024-07-23T14:29:26","slug":"primero-los-pobres-crece-riqueza-de-cinco-mexicanos-este-sexenio","status":"publish","type":"post","link":"https:\/\/zonaroja.com.mx\/?p=70649","title":{"rendered":"\u00bfPrimero los pobres? Crece riqueza de cinco mexicanos este sexenio"},"content":{"rendered":"\n<p>Redacci\u00f3n\/Zona Roja Cdmx.<\/p>\n\n\n\n<p>Ciudad de M\u00e9xico, a 23 de julio de 2024.- La riqueza de los cinco hombres m\u00e1s acaudalados de M\u00e9xico ha crecido en promedio 226.6 por ciento en la administraci\u00f3n del presidente Andr\u00e9s Manuel L\u00f3pez Obrador, quien el fin de semana destac\u00f3 que&nbsp;\u201cno hay un empresario de los grandes que haya fracasado\u201d&nbsp;durante su gobierno.<\/p>\n\n\n\n<p>De acuerdo con las listas de Bloomberg, la riqueza conjunta de Carlos Slim, Germ\u00e1n Larrea, Ricardo Salinas, Alejandro Baill\u00e8res y Juan Beckmann Vidal y su familia suma a la fecha 158 mil 630 millones de d\u00f3lares, cerca de una quinta parte de lo que hasta mayo de 2024 val\u00eda la deuda p\u00fablica del pa\u00eds.<\/p>\n\n\n\n<p>Durante la gesti\u00f3n de L\u00f3pez Obrador, la riqueza de Carlos Slim, presidente de Am\u00e9rica M\u00f3vil, aument\u00f3 78.1 por ciento, de 52 mil 900 millones de d\u00f3lares a 94 mil 200 millones; la de Germ\u00e1n Larrea, director ejecutivo de Grupo M\u00e9xico, la minera m\u00e1s grande del pa\u00eds, y concesionario de la mayor extensi\u00f3n de v\u00edas de ferrocarril del pa\u00eds, despeg\u00f3 944.2 por ciento, al incrementarse de 3 mil 600 a 37 mil 800 millones d\u00f3lares, y la de Ricardo Salinas Pliego, presidente de Grupo Salinas, subi\u00f3 28.7 por ciento, de 10 mil 100 a 13 mil millones de d\u00f3lares.<\/p>\n\n\n\n<p>El presidente de Grupo Bal, Alejandro Baill\u00e8res, entr\u00f3 recientemente a la lista de Bloomberg (pues antes el patrimonio neto de su familia se contabilizaba a partir de la de su padre, Alberto Baill\u00e8res), con una riqueza que alcanza 6 mil 900 millones de d\u00f3lares; en tanto, Juan Beckmann Vidal y su familia, propietarios de Becle, controladora de Jos\u00e9 Cuervo, aumentaron su fortuna 82.2 por ciento, de 3 mil 700 a 6 mil 700 millones de d\u00f3lares.<\/p>\n\n\n\n<p>El fin de semana el presidente L\u00f3pez Obrador destac\u00f3 que, a ra\u00edz de la pol\u00edtica social impulsada durante su gesti\u00f3n, 30 millones de familias reciben alguna transferencia monetaria de programas sociales, y el resto de la poblaci\u00f3n se beneficia con al aumento del consumo, de tal manera que \u201ca todos los mexicanos les est\u00e1 yendo bien.<\/p>\n\n\n\n<p>\u201cImag\u00ednense, no hay un empresario de los grandes que haya fracasado; al contrario, todos han tenido utilidades, y hay empresarios que han incrementado con su trabajo y con su capacidad empresarial, creando empleos y de manera legal, han aumentado hasta el doble su fortuna. Los banqueros, me da hasta pena decirlo, pero en el gobierno nuestro, el a\u00f1o pasado, este a\u00f1o, es cuando m\u00e1s ganancias han tenido los bancos en toda la historia de M\u00e9xico\u201d, coment\u00f3.<\/p>\n\n\n\n<p>De acuerdo con la lista de Bloomberg, el paso de la administraci\u00f3n de L\u00f3pez Obrador no signific\u00f3 una p\u00e9rdida de riqueza para los hombres m\u00e1s ricos del pa\u00eds, quienes se ubican en la cima de la acumulaci\u00f3n a nivel mundial. Carlos Slim ocupa el lugar 14 entre los m\u00e1s ricos y le sigue Germ\u00e1n Larrea en el sitio 41.<\/p>\n\n\n\n<p>Luego aparecen Ricardo Salinas en el sitio 169; Alejandro Baill\u00e8res en el 408 y Juan Beckmann Vidal y su familia en el 419.<\/p>\n\n\n\n<p>Esta semana Brasil llevar\u00e1 al G-20 una propuesta para gravar con un m\u00ednimo de 2 por ciento el patrimonio neto de los superricos del mundo. De acuerdo con el economista Gabriel Zucman, autor de la propuesta, son 3 mil individuos que en promedio s\u00f3lo pagan una tasa neta de 0.3 por ciento.<\/p>\n\n\n\n<p>(Informaci\u00f3n de \u201cLa Jornada\u201d)<\/p>\n","protected":false},"excerpt":{"rendered":"<p>Redacci\u00f3n\/Zona Roja Cdmx. Ciudad de M\u00e9xico, a 23 de julio de 2024.- La riqueza de&hellip;<\/p>\n","protected":false},"author":2,"featured_media":70650,"comment_status":"closed","ping_status":"open","sticky":false,"template":"","format":"standard","meta":{"_lmt_disableupdate":"","_lmt_disable":"","_jetpack_memberships_contains_paid_content":false,"footnotes":""},"categories":[109,47],"tags":[143],"class_list":["post-70649","post","type-post","status-publish","format-standard","has-post-thumbnail","hentry","category-minuto-a-minuto","category-zona-gris","tag-andres-manuel-lopez-obrador"],"jetpack_featured_media_url":"https:\/\/zonaroja.com.mx\/wp-content\/uploads\/2024\/07\/Lopez-Obrador-y-empresarios.webp","jetpack_sharing_enabled":true,"_links":{"self":[{"href":"https:\/\/zonaroja.com.mx\/index.php?rest_route=\/wp\/v2\/posts\/70649","targetHints":{"allow":["GET"]}}],"collection":[{"href":"https:\/\/zonaroja.com.mx\/index.php?rest_route=\/wp\/v2\/posts"}],"about":[{"href":"https:\/\/zonaroja.com.mx\/index.php?rest_route=\/wp\/v2\/types\/post"}],"author":[{"embeddable":true,"href":"https:\/\/zonaroja.com.mx\/index.php?rest_route=\/wp\/v2\/users\/2"}],"replies":[{"embeddable":true,"href":"https:\/\/zonaroja.com.mx\/index.php?rest_route=%2Fwp%2Fv2%2Fcomments&post=70649"}],"version-history":[{"count":1,"href":"https:\/\/zonaroja.com.mx\/index.php?rest_route=\/wp\/v2\/posts\/70649\/revisions"}],"predecessor-version":[{"id":70651,"href":"https:\/\/zonaroja.com.mx\/index.php?rest_route=\/wp\/v2\/posts\/70649\/revisions\/70651"}],"wp:featuredmedia":[{"embeddable":true,"href":"https:\/\/zonaroja.com.mx\/index.php?rest_route=\/wp\/v2\/media\/70650"}],"wp:attachment":[{"href":"https:\/\/zonaroja.com.mx\/index.php?rest_route=%2Fwp%2Fv2%2Fmedia&parent=70649"}],"wp:term":[{"taxonomy":"category","embeddable":true,"href":"https:\/\/zonaroja.com.mx\/index.php?rest_route=%2Fwp%2Fv2%2Fcategories&post=70649"},{"taxonomy":"post_tag","embeddable":true,"href":"https:\/\/zonaroja.com.mx\/index.php?rest_route=%2Fwp%2Fv2%2Ftags&post=70649"}],"curies":[{"name":"wp","href":"https:\/\/api.w.org\/{rel}","templated":true}]}}