{"id":70653,"date":"2024-07-23T11:33:00","date_gmt":"2024-07-23T17:33:00","guid":{"rendered":"https:\/\/zonaroja.com.mx\/?p=70653"},"modified":"2024-07-23T08:43:50","modified_gmt":"2024-07-23T14:43:50","slug":"crece-popularidad-de-kamala-harris-y-se-consolida-como-proxima-candidata","status":"publish","type":"post","link":"https:\/\/zonaroja.com.mx\/?p=70653","title":{"rendered":"Crece popularidad de Kamala Harris y se consolida como pr\u00f3xima candidata\u00a0"},"content":{"rendered":"\n<p>Redacci\u00f3n\/Zona Roja Cdmx.<\/p>\n\n\n\n<p>Ciudad de M\u00e9xico, a 23 de julio de 2024.- En menos de 24 horas, Kamala Harris consolid\u00f3 el apoyo de la c\u00fapula, la mayor\u00eda de los legisladores y gobernadores, mientras por la tarde, la agencia de noticias Ap inform\u00f3 que la vicepresidenta consigui\u00f3 el n\u00famero requerido de delegados a la convenci\u00f3n nacional de su partido, por lo que es la virtual candidata presidencial dem\u00f3crata en medio de un proceso electoral sin precedente.<\/p>\n\n\n\n<p>En lo que es, y por mucho, la contienda electoral m\u00e1s inusual en d\u00e9cadas, con un candidato criminal convicto, quien fue blanco de un intento de asesinato, y su contrincante retir\u00e1ndose de la batalla casi 100 d\u00edas antes de la elecci\u00f3n, mientras ahora est\u00e1 por postularse la primera mujer hija de migrantes: de padre jamaiquino y madre de India, a\u00fan no se puede pronosticar el desenlace.<\/p>\n\n\n\n<p>No obstante, con el torrente de apoyo, endosos de sus correligionarios y tambi\u00e9n 81 millones de d\u00f3lares en donaciones en las recientes 24 horas, todo indica que Kamala Harris llegar\u00e1 a la convenci\u00f3n como la favorita y ser\u00e1 coronada oficialmente candidata dem\u00f3crata a la presidencia.<\/p>\n\n\n\n<p>En su primer discurso como precandidata presidencial (no ser\u00e1 hasta la convenci\u00f3n nacional donde se debe formalizar su abanderamiento \u2013si no hay m\u00e1s sorpresas\u2013), ayer se present\u00f3 como la l\u00edder que busca llevar a su pa\u00eds a un futuro m\u00e1s prometedor en contraste con la visi\u00f3n oscura y reaccionaria que ofrece el magnate republicano.<\/p>\n\n\n\n<p>\u201cDonald Trump quiere llevar al pa\u00eds hacia atr\u00e1s, a un tiempo en el que muchos no ten\u00edan libertades ni derechos plenos. Nosotros creemos en un futuro con m\u00e1s brillo, que ofrece un lugar para todos los estadunidenses\u201d, declar\u00f3 ante integrantes del equipo de campa\u00f1a de Biden en Delaware, quienes ahora trabajar\u00e1n para ella. Ya anunci\u00f3 que las dos jefas de la campa\u00f1a de Biden, Jennifer O\u2019Malley Dillon y Julie Ch\u00e1vez Rodr\u00edguez (la nieta de C\u00e9sar Ch\u00e1vez, activista e \u00edcono de la comunidad latina), permanecer\u00e1n en sus puestos.<\/p>\n\n\n\n<p>Subray\u00f3 que en los pr\u00f3ximos 106 d\u00edas antes de la elecci\u00f3n, \u201cla pregunta que cada uno de nosotros enfrenta es en qu\u00e9 tipo de pa\u00eds queremos vivir: uno de libertad, compasi\u00f3n e imperio de ley, o uno de caos, temor y odio\u2026. Tenemos el poder para responder\u201d.<\/p>\n\n\n\n<p>(Informaci\u00f3n de \u201cLa Jornada\u201d)<\/p>\n","protected":false},"excerpt":{"rendered":"<p>Redacci\u00f3n\/Zona Roja Cdmx. Ciudad de M\u00e9xico, a 23 de julio de 2024.- En menos de&hellip;<\/p>\n","protected":false},"author":2,"featured_media":70655,"comment_status":"closed","ping_status":"open","sticky":false,"template":"","format":"standard","meta":{"_lmt_disableupdate":"","_lmt_disable":"","_jetpack_memberships_contains_paid_content":false,"footnotes":""},"categories":[109,46],"tags":[2187],"class_list":["post-70653","post","type-post","status-publish","format-standard","has-post-thumbnail","hentry","category-minuto-a-minuto","category-zona-blanca","tag-kamala-harris"],"jetpack_featured_media_url":"https:\/\/zonaroja.com.mx\/wp-content\/uploads\/2024\/07\/Kamala-Harris.jpeg","jetpack_sharing_enabled":true,"_links":{"self":[{"href":"https:\/\/zonaroja.com.mx\/index.php?rest_route=\/wp\/v2\/posts\/70653","targetHints":{"allow":["GET"]}}],"collection":[{"href":"https:\/\/zonaroja.com.mx\/index.php?rest_route=\/wp\/v2\/posts"}],"about":[{"href":"https:\/\/zonaroja.com.mx\/index.php?rest_route=\/wp\/v2\/types\/post"}],"author":[{"embeddable":true,"href":"https:\/\/zonaroja.com.mx\/index.php?rest_route=\/wp\/v2\/users\/2"}],"replies":[{"embeddable":true,"href":"https:\/\/zonaroja.com.mx\/index.php?rest_route=%2Fwp%2Fv2%2Fcomments&post=70653"}],"version-history":[{"count":1,"href":"https:\/\/zonaroja.com.mx\/index.php?rest_route=\/wp\/v2\/posts\/70653\/revisions"}],"predecessor-version":[{"id":70656,"href":"https:\/\/zonaroja.com.mx\/index.php?rest_route=\/wp\/v2\/posts\/70653\/revisions\/70656"}],"wp:featuredmedia":[{"embeddable":true,"href":"https:\/\/zonaroja.com.mx\/index.php?rest_route=\/wp\/v2\/media\/70655"}],"wp:attachment":[{"href":"https:\/\/zonaroja.com.mx\/index.php?rest_route=%2Fwp%2Fv2%2Fmedia&parent=70653"}],"wp:term":[{"taxonomy":"category","embeddable":true,"href":"https:\/\/zonaroja.com.mx\/index.php?rest_route=%2Fwp%2Fv2%2Fcategories&post=70653"},{"taxonomy":"post_tag","embeddable":true,"href":"https:\/\/zonaroja.com.mx\/index.php?rest_route=%2Fwp%2Fv2%2Ftags&post=70653"}],"curies":[{"name":"wp","href":"https:\/\/api.w.org\/{rel}","templated":true}]}}