{"id":70663,"date":"2024-07-23T19:55:24","date_gmt":"2024-07-24T01:55:24","guid":{"rendered":"https:\/\/zonaroja.com.mx\/?p=70663"},"modified":"2024-07-23T19:55:26","modified_gmt":"2024-07-24T01:55:26","slug":"asegura-gobernador-que-hay-dialogo-y-atencion-a-conflicto-en-san-miguel-el-grande","status":"publish","type":"post","link":"https:\/\/zonaroja.com.mx\/?p=70663","title":{"rendered":"Asegura gobernador que hay di\u00e1logo y atenci\u00f3n a conflicto en San Miguel El Grande"},"content":{"rendered":"\n<p>Raymundo Morales\/Zona Roja.<\/p>\n\n\n\n<p>Oaxaca de Ju\u00e1rez, Oax., a 23 de julio de 2024.- Tras la protesta de la cineasta y actriz oaxaque\u00f1a \u00c1ngeles Cruz ayer en el auditorio \u201cGuelaguetza\u201d, el gobernador Salom\u00f3n Jara Cruz rechaz\u00f3 que haya represi\u00f3n y negativa de di\u00e1logo para atender la problem\u00e1tica entre comunidades de San Miguel El Grande y Heroica Ciudad de Tlaxiaco.<\/p>\n\n\n\n<p>Durante su conferencia de prensa este martes, expuso que momentos antes de iniciar el primer Lunes del Cerro recibi\u00f3 a la destacada artista e incluso se dieron un abrazo, para lo cual mostr\u00f3 un video a manera de testimonio.<\/p>\n\n\n\n<p>\u201cYo la vi\u2026 ah\u00ed estoy abraz\u00e1ndola, la salud\u00e9, me fue a ver; amablemente la atend\u00ed, me pidi\u00f3; me dijo Salom\u00f3n, la recib\u00ed, estuve platicando con ella en el evento, nos despedimos; ella me dijo que si la recib\u00eda, le dije que s\u00ed, con mucho gusto, que la recib\u00eda esta semana; que hoy le hablaba para decirle qu\u00e9 d\u00eda la recib\u00eda.<\/p>\n\n\n\n<p>\u201cY fue muy cort\u00e9s, muy amable; yo no reprimo a nadie; ustedes saben que somos un gobierno democr\u00e1tico, cercano a las comunidades y a sus problem\u00e1ticas; ah\u00ed me est\u00e1 dando la mano y el abrazo; fue antes de iniciar la primera Guelaguetza.<\/p>\n\n\n\n<p>\u00abYa despu\u00e9s se fue a sentar a un lugar que una diputada le dej\u00f3 y se sent\u00f3; despu\u00e9s me enter\u00e9 que protest\u00f3; est\u00e1 en su derecho de protestar, nosotros no vamos a callar a nadie; nunca vamos a evitar que nadie proteste pero no entiendo por qu\u00e9 lo hizo si yo ya la hab\u00eda recibido; ah\u00ed est\u00e1 la foto, no los voy a enga\u00f1ar; esta no es la foto de hace un mes, un a\u00f1o, fue de ayer y pues hasta me sonri\u00f3\u201d, dijo.<\/p>\n\n\n\n<p>Agreg\u00f3: \u201cDigo, si fu\u00e9ramos adversarios o enemigos no tendr\u00edamos por qu\u00e9 abrazarnos efusivamente, y pues \u00c1ngeles yo la respeto mucho; es una gran cineasta, lamento mucho lo que ha ocurrido en su comunidad, es un problema muy lamentable.<\/p>\n\n\n\n<p>Jara Cruz expuso que desde que asumi\u00f3 el cargo a la fecha, se ha atendido esa problem\u00e1tica y en ese lapso se han atendido y arreglado 29 conflictos.<\/p>\n\n\n\n<p>Reiter\u00f3 que no hab\u00eda ninguna raz\u00f3n para la protesta y que nunca ha dejado de saludar y escuchar a la gente; \u201cel asunto que aduce, lo que coment\u00f3 en su protesta, lo estamos atendiendo\u201d, a\u00f1adi\u00f3.<\/p>\n\n\n\n<figure class=\"wp-block-embed is-type-rich is-provider-twitter wp-block-embed-twitter\"><div class=\"wp-block-embed__wrapper\">\n<div class=\"twitter-tweet\"><blockquote class=\"twitter-tweet\" data-lang=\"es\"><p lang=\"es\" dir=\"ltr\">1. En conferencia de prensa hoy, el gobernador <a href=\"https:\/\/twitter.com\/salomonj?ref_src=twsrc%5Etfw\">@salomonj<\/a> consider\u00f3 que no era necesaria la protesta de la actriz y cineasta \u00c1ngeles Cruz, pues se ha dado atenci\u00f3n continua a la problem\u00e1tica agraria entre comunidades de Tlaxiaco y San Miguel El Grande. <br>Adem\u00e1s, dijo que previo a\u2026 <a href=\"https:\/\/t.co\/Q0cAAvipex\">pic.twitter.com\/Q0cAAvipex<\/a><\/p>&mdash; Zona Roja Oaxaca (@ZonaRoja_Oaxaca) <a href=\"https:\/\/twitter.com\/ZonaRoja_Oaxaca\/status\/1815796165960667594?ref_src=twsrc%5Etfw\">23 de julio de 2024<\/a><\/blockquote><\/div>\n<\/div><\/figure>\n\n\n\n<p>REUNI\u00d3N EN PALACIO<\/p>\n\n\n\n<p>Por la tarde, el titular de la Secretar\u00eda de Gobierno, Jes\u00fas Romero L\u00f3pez, junto con varios funcionarios, atendi\u00f3 a una comitiva de San Miguel El Grande en el Palacio de Gobierno, as\u00ed como a la cineasta \u00c1ngeles Cruz, acompa\u00f1ado de varios funcionarios.<\/p>\n\n\n\n<p>De acuerdo con un comunicado, se trazaron las rutas operativas y ejecutivas que permitan conseguir un ambiente de tranquilidad, y en consecuencia la resoluci\u00f3n del conflicto agrario que data del siglo XVI.<\/p>\n\n\n\n<p>\u201cEstos trabajos se desarrollaron bajo el precepto instituido por el gobernador de la entidad, Salom\u00f3n Jara Cruz, de lograr un nuevo pacto social que permita mantener la comunicaci\u00f3n, la paz y la gobernabilidad en Oaxaca\u201d.<\/p>\n\n\n\n<p>CASO PERIODISTA<\/p>\n\n\n\n<p>Respecto a la agresi\u00f3n de funcionarios al fot\u00f3grafo Edwin Hern\u00e1ndez, de \u201cEl Universal\u201d Oaxaca, el mandatario estatal inform\u00f3 que solicitar\u00e1 una investigaci\u00f3n del caso, al tiempo de reafirmar su total respeto hacia el trabajo period\u00edstico y la libertad de expresi\u00f3n en Oaxaca.<\/p>\n\n\n\n<p>\u201cNosotros no somos un gobierno represor, no permitimos la represi\u00f3n ni golpear, respetamos el trabajo que realizan los medios, fot\u00f3grafos, fot\u00f3grafas, nuestra solidaridad siempre con los y las comunicadoras\u201d, dijo.<\/p>\n\n\n\n<p>Afirm\u00f3 que, una vez concluidas las investigaciones y de detectar alg\u00fan acto incorrecto en este acontecimiento, se pedir\u00e1 las disculpas respectivas.<\/p>\n\n\n\n<figure class=\"wp-block-embed is-type-rich is-provider-twitter wp-block-embed-twitter\"><div class=\"wp-block-embed__wrapper\">\n<div class=\"twitter-tweet\"><blockquote class=\"twitter-tweet\" data-lang=\"es\"><p lang=\"es\" dir=\"ltr\">2. Y cuestionado acerca de la agresi\u00f3n ayer del periodista <a href=\"https:\/\/twitter.com\/FotoEdwin?ref_src=twsrc%5Etfw\">@FotoEdwin<\/a> en el auditorio \u201cGuelaguetza\u201d, el mandatario <a href=\"https:\/\/twitter.com\/salomonj?ref_src=twsrc%5Etfw\">@salomonj<\/a> dijo que pedir\u00e1 m\u00e1s informaci\u00f3n al respecto y en su caso se le deber\u00e1 ofrecer una disculpa; reiter\u00f3 que su gobierno respeta a las y los comunicadores, as\u00ed\u2026 <a href=\"https:\/\/t.co\/KG1z6thkfA\">pic.twitter.com\/KG1z6thkfA<\/a><\/p>&mdash; Zona Roja Oaxaca (@ZonaRoja_Oaxaca) <a href=\"https:\/\/twitter.com\/ZonaRoja_Oaxaca\/status\/1815807774921744774?ref_src=twsrc%5Etfw\">23 de julio de 2024<\/a><\/blockquote><\/div>\n<\/div><\/figure>\n","protected":false},"excerpt":{"rendered":"<p>Raymundo Morales\/Zona Roja. Oaxaca de Ju\u00e1rez, Oax., a 23 de julio de 2024.- Tras la&hellip;<\/p>\n","protected":false},"author":2,"featured_media":70664,"comment_status":"closed","ping_status":"open","sticky":false,"template":"","format":"standard","meta":{"_lmt_disableupdate":"","_lmt_disable":"","_jetpack_memberships_contains_paid_content":false,"footnotes":""},"categories":[109,46],"tags":[939],"class_list":["post-70663","post","type-post","status-publish","format-standard","has-post-thumbnail","hentry","category-minuto-a-minuto","category-zona-blanca","tag-salomon-jara-cruz"],"jetpack_featured_media_url":"https:\/\/zonaroja.com.mx\/wp-content\/uploads\/2024\/07\/Salomon-Jara-y-Angeles-Cruz.jpg","jetpack_sharing_enabled":true,"_links":{"self":[{"href":"https:\/\/zonaroja.com.mx\/index.php?rest_route=\/wp\/v2\/posts\/70663","targetHints":{"allow":["GET"]}}],"collection":[{"href":"https:\/\/zonaroja.com.mx\/index.php?rest_route=\/wp\/v2\/posts"}],"about":[{"href":"https:\/\/zonaroja.com.mx\/index.php?rest_route=\/wp\/v2\/types\/post"}],"author":[{"embeddable":true,"href":"https:\/\/zonaroja.com.mx\/index.php?rest_route=\/wp\/v2\/users\/2"}],"replies":[{"embeddable":true,"href":"https:\/\/zonaroja.com.mx\/index.php?rest_route=%2Fwp%2Fv2%2Fcomments&post=70663"}],"version-history":[{"count":1,"href":"https:\/\/zonaroja.com.mx\/index.php?rest_route=\/wp\/v2\/posts\/70663\/revisions"}],"predecessor-version":[{"id":70665,"href":"https:\/\/zonaroja.com.mx\/index.php?rest_route=\/wp\/v2\/posts\/70663\/revisions\/70665"}],"wp:featuredmedia":[{"embeddable":true,"href":"https:\/\/zonaroja.com.mx\/index.php?rest_route=\/wp\/v2\/media\/70664"}],"wp:attachment":[{"href":"https:\/\/zonaroja.com.mx\/index.php?rest_route=%2Fwp%2Fv2%2Fmedia&parent=70663"}],"wp:term":[{"taxonomy":"category","embeddable":true,"href":"https:\/\/zonaroja.com.mx\/index.php?rest_route=%2Fwp%2Fv2%2Fcategories&post=70663"},{"taxonomy":"post_tag","embeddable":true,"href":"https:\/\/zonaroja.com.mx\/index.php?rest_route=%2Fwp%2Fv2%2Ftags&post=70663"}],"curies":[{"name":"wp","href":"https:\/\/api.w.org\/{rel}","templated":true}]}}