{"id":70666,"date":"2024-07-23T21:42:03","date_gmt":"2024-07-24T03:42:03","guid":{"rendered":"https:\/\/zonaroja.com.mx\/?p=70666"},"modified":"2024-07-23T21:42:05","modified_gmt":"2024-07-24T03:42:05","slug":"realizan-en-congreso-de-oaxaca-foro-sobre-reforma-al-poder-judicial","status":"publish","type":"post","link":"https:\/\/zonaroja.com.mx\/?p=70666","title":{"rendered":"Realizan en Congreso de Oaxaca foro sobre reforma al Poder Judicial"},"content":{"rendered":"\n<p>Redacci\u00f3n\/Zona Roja.<\/p>\n\n\n\n<p>Oaxaca de Ju\u00e1rez, Oax., 23 de julio de 2024.- Para analizar la propuesta de reforma presentada por el Presidente de M\u00e9xico, el Congreso de Oaxaca fue sede del \u201cDi\u00e1logo Parlamentario para la Reforma al Poder Judicial\u201d, en el que particip\u00f3 la ministra de la Suprema Corte de Justicia de la Naci\u00f3n, Loretta Ortiz Ahlf.<\/p>\n\n\n\n<p>El presidente de la Junta de Coordinaci\u00f3n Pol\u00edtica (Jucopo) de la 65 Legislatura local, Sergio L\u00f3pez S\u00e1nchez, destac\u00f3 la importancia de que la ciudadan\u00eda conozca el contenido de esta iniciativa, la cual es una de las de mayor relevancia presentadas por el titular del Poder Ejecutivo Federal.<\/p>\n\n\n\n<p>\u201cEs fundamental que, primero, el pueblo de M\u00e9xico conozca la iniciativa que ha enviado el titular del Poder Ejecutivo; segundo, respecto de 11 a 9 ministros que se plantea en la nueva iniciativa, la parte que tiene que ver con el tema presupuestal, la parte que tiene que ver con el Consejo de la Judicatura Federal, esta divisi\u00f3n que tiene que darse respecto de lo que actualmente ocurre con la titular de la Suprema Corte de Justicia de la Naci\u00f3n\u201d, explic\u00f3.<\/p>\n\n\n\n<p>Para llevar a cabo este di\u00e1logo y la explicaci\u00f3n sobre en qu\u00e9 consiste dicha iniciativa, la ministra de la Suprema Corte de Justicia de la Naci\u00f3n, Loretta Ortiz Ahlf, detall\u00f3 tres puntos importantes que conforman la propuesta, la cual busca que sea el pueblo mexicano quien decida qui\u00e9nes ser\u00e1n los encargados de administrar la justicia en el pa\u00eds.<\/p>\n\n\n\n<p>En este sentido, expuso la importancia de la creaci\u00f3n de un Tribunal Disciplinario, el cual se encargar\u00eda de establecer las sanciones correspondientes cuando se presenten casos de corrupci\u00f3n al interior del Poder Judicial, adem\u00e1s de verificar que las resoluciones se realicen en un periodo no mayor a seis meses, tal como lo establece el art\u00edculo 17 de esta reforma.<\/p>\n\n\n\n<p>Tambi\u00e9n destac\u00f3 la relevancia de la desaparici\u00f3n de fideicomisos y privilegios al interior de dicho Poder, para conducirse bajo los principios de austeridad, destacando que ning\u00fan juez, ministro o magistrado, podr\u00e1 percibir un salario mayor al del presidente de la Rep\u00fablica.<\/p>\n\n\n\n<p>En esta charla, tambi\u00e9n participaron como ponentes la presidenta del Tribunal Electoral del Estado de Oaxaca, Elizabeth Bautista Velasco; el consejero jur\u00eddico del Gobierno de Oaxaca, Geovany V\u00e1squez Sagrero; y el rector de la Benem\u00e9rita Universidad de Oaxaca, David Zabdiel Mart\u00ednez P\u00e9rez. Asimismo, asistieron magistrados y jueces del Poder Judicial local.<\/p>\n\n\n\n<p>Este ejercicio de an\u00e1lisis fue organizado por el Congreso local en coordinaci\u00f3n con la Benem\u00e9rita Universidad de Oaxaca (BUO).\u00a0<\/p>\n\n\n\n<figure class=\"wp-block-embed is-type-rich is-provider-twitter wp-block-embed-twitter\"><div class=\"wp-block-embed__wrapper\">\n<div class=\"twitter-tweet\"><blockquote class=\"twitter-tweet\" data-lang=\"es\"><p lang=\"es\" dir=\"ltr\">Durante su participaci\u00f3n en el foro sobre la reforma al Poder Judicial y en presencia de la ministra de la <a href=\"https:\/\/twitter.com\/SCJN?ref_src=twsrc%5Etfw\">@SCJN<\/a>, <a href=\"https:\/\/twitter.com\/lorettaortiza?ref_src=twsrc%5Etfw\">@lorettaortiza<\/a>, el titular de la <a href=\"https:\/\/twitter.com\/ConsejeriaOax?ref_src=twsrc%5Etfw\">@ConsejeriaOax<\/a>, <a href=\"https:\/\/twitter.com\/geovanyvasquez?ref_src=twsrc%5Etfw\">@geovanyvasquez<\/a>, hizo un recuento de las reformas a la Constituci\u00f3n Mexicana, as\u00ed como el antecedente hist\u00f3rico de la\u2026 <a href=\"https:\/\/t.co\/h6ID60wJr0\">pic.twitter.com\/h6ID60wJr0<\/a><\/p>&mdash; Zona Roja Oaxaca (@ZonaRoja_Oaxaca) <a href=\"https:\/\/twitter.com\/ZonaRoja_Oaxaca\/status\/1815876235928760621?ref_src=twsrc%5Etfw\">23 de julio de 2024<\/a><\/blockquote><\/div>\n<\/div><\/figure>\n","protected":false},"excerpt":{"rendered":"<p>Redacci\u00f3n\/Zona Roja. Oaxaca de Ju\u00e1rez, Oax., 23 de julio de 2024.- Para analizar la propuesta&hellip;<\/p>\n","protected":false},"author":2,"featured_media":70667,"comment_status":"closed","ping_status":"open","sticky":false,"template":"","format":"standard","meta":{"_lmt_disableupdate":"","_lmt_disable":"","_jetpack_memberships_contains_paid_content":false,"footnotes":""},"categories":[109,46],"tags":[2743],"class_list":["post-70666","post","type-post","status-publish","format-standard","has-post-thumbnail","hentry","category-minuto-a-minuto","category-zona-blanca","tag-65-legislatura-del-estado-de-oaxaca"],"jetpack_featured_media_url":"https:\/\/zonaroja.com.mx\/wp-content\/uploads\/2024\/07\/Analizan-en-el-Congreso-de-Oaxaca-propuesta-de-reforma-al-Poder-Judicial_1.jpeg","jetpack_sharing_enabled":true,"_links":{"self":[{"href":"https:\/\/zonaroja.com.mx\/index.php?rest_route=\/wp\/v2\/posts\/70666","targetHints":{"allow":["GET"]}}],"collection":[{"href":"https:\/\/zonaroja.com.mx\/index.php?rest_route=\/wp\/v2\/posts"}],"about":[{"href":"https:\/\/zonaroja.com.mx\/index.php?rest_route=\/wp\/v2\/types\/post"}],"author":[{"embeddable":true,"href":"https:\/\/zonaroja.com.mx\/index.php?rest_route=\/wp\/v2\/users\/2"}],"replies":[{"embeddable":true,"href":"https:\/\/zonaroja.com.mx\/index.php?rest_route=%2Fwp%2Fv2%2Fcomments&post=70666"}],"version-history":[{"count":1,"href":"https:\/\/zonaroja.com.mx\/index.php?rest_route=\/wp\/v2\/posts\/70666\/revisions"}],"predecessor-version":[{"id":70668,"href":"https:\/\/zonaroja.com.mx\/index.php?rest_route=\/wp\/v2\/posts\/70666\/revisions\/70668"}],"wp:featuredmedia":[{"embeddable":true,"href":"https:\/\/zonaroja.com.mx\/index.php?rest_route=\/wp\/v2\/media\/70667"}],"wp:attachment":[{"href":"https:\/\/zonaroja.com.mx\/index.php?rest_route=%2Fwp%2Fv2%2Fmedia&parent=70666"}],"wp:term":[{"taxonomy":"category","embeddable":true,"href":"https:\/\/zonaroja.com.mx\/index.php?rest_route=%2Fwp%2Fv2%2Fcategories&post=70666"},{"taxonomy":"post_tag","embeddable":true,"href":"https:\/\/zonaroja.com.mx\/index.php?rest_route=%2Fwp%2Fv2%2Ftags&post=70666"}],"curies":[{"name":"wp","href":"https:\/\/api.w.org\/{rel}","templated":true}]}}