{"id":70681,"date":"2024-07-24T08:01:02","date_gmt":"2024-07-24T14:01:02","guid":{"rendered":"https:\/\/zonaroja.com.mx\/?p=70681"},"modified":"2024-07-24T08:01:05","modified_gmt":"2024-07-24T14:01:05","slug":"registra-oaxaca-419-crimenes-en-el-primer-semestre-del-ano","status":"publish","type":"post","link":"https:\/\/zonaroja.com.mx\/?p=70681","title":{"rendered":"Registra Oaxaca 419 cr\u00edmenes en el primer semestre del a\u00f1o"},"content":{"rendered":"\n<p>Ismael Garc\u00eda M.\/Zona Roja.<\/p>\n\n\n\n<p>Oaxaca de Ju\u00e1rez, Oax., a 24 de julio de 2024.- En seis meses, Oaxaca registr\u00f3 419 homicidios dolosos, un promedio de 2.3 cr\u00edmenes diarios, revela el Secretariado Ejecutivo del Sistema Nacional de Seguridad P\u00fablica.<\/p>\n\n\n\n<p>En el mes de junio, fueron 74 asesinatos, una cifra ligeramente menor a los dos meses anteriores, pero a\u00fan superior a los registrados durante enero, febrero y marzo.<\/p>\n\n\n\n<p>Del total de cr\u00edmenes en el primer semestre, 339 se cometieron con arma de fuego y 39 con arma blanda, detalla el organismo institucional.<\/p>\n\n\n\n<p>De acuerdo con el informe, dado a conocer el fin de semana y que se basa en datos que env\u00eda la Fiscal\u00eda General del Estado de Oaxaca, durante el mes pasado ocurrieron tres mil 38 delitos, cifra tambi\u00e9n ligeramente menor a los ocurridos en los cinco meses anteriores, con excepci\u00f3n de febrero.<\/p>\n\n\n\n<p>En cuanto a los feminicidios, las autoridades registran \u00fanicamente nueve casos; dos de ellos perpetrados en enero, abril y mayo, el resto de los meses uno cada uno.<\/p>\n\n\n\n<p>De la misma manera, en los casos de secuestro, \u00fanicamente hay un caso en los primeros seis meses del a\u00f1o, registrado durante el mes de enero.<\/p>\n\n\n\n<p>Las autoridades de Oaxaca y la Fiscal\u00eda General del Estado han insistido que la entidad ocupa el lugar quinto a nivel nacional en materia de incidencia delictiva; aunque la cifra de organismos de la sociedad civil consideran que los delitos son m\u00e1s.<\/p>\n","protected":false},"excerpt":{"rendered":"<p>Ismael Garc\u00eda M.\/Zona Roja. Oaxaca de Ju\u00e1rez, Oax., a 24 de julio de 2024.- En&hellip;<\/p>\n","protected":false},"author":2,"featured_media":70682,"comment_status":"closed","ping_status":"open","sticky":false,"template":"","format":"standard","meta":{"_lmt_disableupdate":"","_lmt_disable":"","_jetpack_memberships_contains_paid_content":false,"footnotes":""},"categories":[109,46],"tags":[174],"class_list":["post-70681","post","type-post","status-publish","format-standard","has-post-thumbnail","hentry","category-minuto-a-minuto","category-zona-blanca","tag-secretariado-ejecutivo-del-sistema-nacional-de-seguridad-publica"],"jetpack_featured_media_url":"https:\/\/zonaroja.com.mx\/wp-content\/uploads\/2024\/07\/Homicidio-doloso-escena-asesinato.jpeg","jetpack_sharing_enabled":true,"_links":{"self":[{"href":"https:\/\/zonaroja.com.mx\/index.php?rest_route=\/wp\/v2\/posts\/70681","targetHints":{"allow":["GET"]}}],"collection":[{"href":"https:\/\/zonaroja.com.mx\/index.php?rest_route=\/wp\/v2\/posts"}],"about":[{"href":"https:\/\/zonaroja.com.mx\/index.php?rest_route=\/wp\/v2\/types\/post"}],"author":[{"embeddable":true,"href":"https:\/\/zonaroja.com.mx\/index.php?rest_route=\/wp\/v2\/users\/2"}],"replies":[{"embeddable":true,"href":"https:\/\/zonaroja.com.mx\/index.php?rest_route=%2Fwp%2Fv2%2Fcomments&post=70681"}],"version-history":[{"count":1,"href":"https:\/\/zonaroja.com.mx\/index.php?rest_route=\/wp\/v2\/posts\/70681\/revisions"}],"predecessor-version":[{"id":70683,"href":"https:\/\/zonaroja.com.mx\/index.php?rest_route=\/wp\/v2\/posts\/70681\/revisions\/70683"}],"wp:featuredmedia":[{"embeddable":true,"href":"https:\/\/zonaroja.com.mx\/index.php?rest_route=\/wp\/v2\/media\/70682"}],"wp:attachment":[{"href":"https:\/\/zonaroja.com.mx\/index.php?rest_route=%2Fwp%2Fv2%2Fmedia&parent=70681"}],"wp:term":[{"taxonomy":"category","embeddable":true,"href":"https:\/\/zonaroja.com.mx\/index.php?rest_route=%2Fwp%2Fv2%2Fcategories&post=70681"},{"taxonomy":"post_tag","embeddable":true,"href":"https:\/\/zonaroja.com.mx\/index.php?rest_route=%2Fwp%2Fv2%2Ftags&post=70681"}],"curies":[{"name":"wp","href":"https:\/\/api.w.org\/{rel}","templated":true}]}}