{"id":70684,"date":"2024-07-24T09:30:00","date_gmt":"2024-07-24T15:30:00","guid":{"rendered":"https:\/\/zonaroja.com.mx\/?p=70684"},"modified":"2024-07-24T08:13:29","modified_gmt":"2024-07-24T14:13:29","slug":"fiscal-de-oaxaca-se-reune-con-ministra-de-la-suprema-corte-de-justicia-de-la-nacion","status":"publish","type":"post","link":"https:\/\/zonaroja.com.mx\/?p=70684","title":{"rendered":"Fiscal de Oaxaca se re\u00fane con ministra de la Suprema Corte de Justicia de la Naci\u00f3n"},"content":{"rendered":"\n<p>Redacci\u00f3n\/Zona Roja.&nbsp;<\/p>\n\n\n\n<p>Oaxaca de Ju\u00e1rez, Oax., a 24 de julio de 2024.- Durante la visita de la ministra de la Suprema Corte de Justicia de la Naci\u00f3n, Loretta Ortiz Ahlf, a las instalaciones de la Agencia Estatal de Investigaciones, el Fiscal General del Estado de Oaxaca, Bernardo Rodr\u00edguez Alamilla, se\u00f1al\u00f3 que es necesario establecer una di\u00e1logo y colaboraci\u00f3n cercana con el Poder Judicial, ya que esto permitir\u00e1 potenciar el alcance de las acciones de procuraci\u00f3n de justicia para mejores resultados.<\/p>\n\n\n\n<p>Despu\u00e9s de realizar un recorrido por las instalaciones del casco de la hacienda que ocupa la Agencia, el fiscal la ministra, as\u00ed como el rector de la Benem\u00e9rita Universidad de Oaxaca, David Mart\u00ednez P\u00e9rez, sostuvieron una reuni\u00f3n con personal directivo y mandos del organismo procurador de justicia.<\/p>\n\n\n\n<p>Durante el encuentro, Rodr\u00edguez Alamilla expuso que los organismos procuradores de justicia requieren de acciones que los fortalezcan, pues el contexto actual precisa que se realicen procesos de investigaci\u00f3n integrales que permitan abordar el fen\u00f3meno delictivo desde diversos enfoques, adem\u00e1s de una estrecha y constante colaboraci\u00f3n con las instancias que imparten justicia.<\/p>\n\n\n\n<p>A\u00f1adi\u00f3 que, este tipo de reuniones permiten encontrar puntos de coincidencia y abrir ventanas de oportunidad para trabajar en conjunto, por ejemplo, resalt\u00f3 la coincidencia con la ministra Loretta Ortiz respecto a que, a trav\u00e9s de los Centros de Justicia Alternativa, es posible lograr la disminuci\u00f3n significativa en la saturaci\u00f3n del sistema judicial.<\/p>\n\n\n\n<p>Por su parte, la ministra Loretta Ortiz enfatiz\u00f3 la importancia de fortalecer las fiscal\u00edas, pues su papel es sumamente importante, por ello esto debe ser considerado dentro del procesos de reforma del Poder Judicial.<\/p>\n\n\n\n<p>Y explic\u00f3 que esto implica brindarles m\u00e1s y mejores recursos para mejorar los procedimientos de investigaci\u00f3n, pues esto dar\u00e1 solidez al sistema de justicia, ya que el pa\u00eds requiere de una estructura bien dise\u00f1ada que estimule la colaboraci\u00f3n estrecha entre los diferentes actores del sistema de procuraci\u00f3n e impartici\u00f3n de justicia.<\/p>\n\n\n\n<figure class=\"wp-block-embed is-type-rich is-provider-twitter wp-block-embed-twitter\"><div class=\"wp-block-embed__wrapper\">\n<div class=\"twitter-tweet\"><blockquote class=\"twitter-tweet\" data-lang=\"es\"><p lang=\"es\" dir=\"ltr\">Sostuvimos una reuni\u00f3n con la Ministra de la Suprema Corte de Justicia de la Naci\u00f3n, Loretta Ortiz Ahlf, con el objetivo de fortalecer los v\u00ednculos de cooperaci\u00f3n que permitan potenciar los alcances de las acciones de la Fiscal\u00eda General del Estado de Oaxaca. <a href=\"https:\/\/t.co\/CIsQTnqMP2\">pic.twitter.com\/CIsQTnqMP2<\/a><\/p>&mdash; Bernardo Rodr\u00edguez Alamilla (@FiscalOaxaca) <a href=\"https:\/\/twitter.com\/FiscalOaxaca\/status\/1815868984740204569?ref_src=twsrc%5Etfw\">23 de julio de 2024<\/a><\/blockquote><\/div>\n<\/div><\/figure>\n","protected":false},"excerpt":{"rendered":"<p>Redacci\u00f3n\/Zona Roja.&nbsp; Oaxaca de Ju\u00e1rez, Oax., a 24 de julio de 2024.- Durante la visita&hellip;<\/p>\n","protected":false},"author":2,"featured_media":70685,"comment_status":"closed","ping_status":"open","sticky":false,"template":"","format":"standard","meta":{"_lmt_disableupdate":"","_lmt_disable":"","_jetpack_memberships_contains_paid_content":false,"footnotes":""},"categories":[109,46],"tags":[494],"class_list":["post-70684","post","type-post","status-publish","format-standard","has-post-thumbnail","hentry","category-minuto-a-minuto","category-zona-blanca","tag-fiscalia-general-del-estado-de-oaxaca"],"jetpack_featured_media_url":"https:\/\/zonaroja.com.mx\/wp-content\/uploads\/2024\/07\/Fiscal-de-Oaxaca-y-ministra-Loreta-Ortiz.jpeg","jetpack_sharing_enabled":true,"_links":{"self":[{"href":"https:\/\/zonaroja.com.mx\/index.php?rest_route=\/wp\/v2\/posts\/70684","targetHints":{"allow":["GET"]}}],"collection":[{"href":"https:\/\/zonaroja.com.mx\/index.php?rest_route=\/wp\/v2\/posts"}],"about":[{"href":"https:\/\/zonaroja.com.mx\/index.php?rest_route=\/wp\/v2\/types\/post"}],"author":[{"embeddable":true,"href":"https:\/\/zonaroja.com.mx\/index.php?rest_route=\/wp\/v2\/users\/2"}],"replies":[{"embeddable":true,"href":"https:\/\/zonaroja.com.mx\/index.php?rest_route=%2Fwp%2Fv2%2Fcomments&post=70684"}],"version-history":[{"count":1,"href":"https:\/\/zonaroja.com.mx\/index.php?rest_route=\/wp\/v2\/posts\/70684\/revisions"}],"predecessor-version":[{"id":70686,"href":"https:\/\/zonaroja.com.mx\/index.php?rest_route=\/wp\/v2\/posts\/70684\/revisions\/70686"}],"wp:featuredmedia":[{"embeddable":true,"href":"https:\/\/zonaroja.com.mx\/index.php?rest_route=\/wp\/v2\/media\/70685"}],"wp:attachment":[{"href":"https:\/\/zonaroja.com.mx\/index.php?rest_route=%2Fwp%2Fv2%2Fmedia&parent=70684"}],"wp:term":[{"taxonomy":"category","embeddable":true,"href":"https:\/\/zonaroja.com.mx\/index.php?rest_route=%2Fwp%2Fv2%2Fcategories&post=70684"},{"taxonomy":"post_tag","embeddable":true,"href":"https:\/\/zonaroja.com.mx\/index.php?rest_route=%2Fwp%2Fv2%2Ftags&post=70684"}],"curies":[{"name":"wp","href":"https:\/\/api.w.org\/{rel}","templated":true}]}}