{"id":70687,"date":"2024-07-24T11:30:00","date_gmt":"2024-07-24T17:30:00","guid":{"rendered":"https:\/\/zonaroja.com.mx\/?p=70687"},"modified":"2024-07-24T08:18:10","modified_gmt":"2024-07-24T14:18:10","slug":"con-militarizacion-mexico-registra-alta-tasa-de-homicidios","status":"publish","type":"post","link":"https:\/\/zonaroja.com.mx\/?p=70687","title":{"rendered":"Con militarizaci\u00f3n, M\u00e9xico registra alta tasa de homicidios"},"content":{"rendered":"\n<p>Redacci\u00f3n\/Zona Roja Cdmx.<\/p>\n\n\n\n<p>Ciudad de M\u00e9xico, a 24 de julio de 2024.- El centro de pensamiento M\u00e9xico Eval\u00faa present\u00f3 este martes un reporte en el que se refleja que en 2022 los estados del pa\u00eds cuya seguridad depend\u00eda de las Fuerzas Armadas presentaban una tasa de homicidio anual de 80 cada 100 mil habitantes, a comparaci\u00f3n de una tasa de 34 cada 100 mil en las entidades con civiles al frente.<\/p>\n\n\n\n<p>El informe, titulado \u2018La Otra Militarizaci\u00f3n, Fuerzas Armadas al frente de las instituciones estatales de seguridad p\u00fablica en M\u00e9xico, 2011-2024\u2032, recoge la progresiva importancia del papel de las fuerzas militares, especialmente la Secretar\u00eda de la Marina (Semar), como garantes de la seguridad en muchas entidades federativas del pa\u00eds.<\/p>\n\n\n\n<p>\u201cExiste una alta rotaci\u00f3n en la titularidad de las secretar\u00edas estatales de seguridad p\u00fablica, lo que dificulta la continuidad de las pol\u00edticas de seguridad a largo plazo\u201d, explica el reporte, donde se cita que estados como Michoac\u00e1n y Guerrero, dos de los m\u00e1s violentos del pa\u00eds, tuvieron un promedio de al menos un titular distinto por a\u00f1o.<\/p>\n\n\n\n<p>Seg\u00fan el documento, las entidades con secretarios de seguridad provenientes de las Fuerzas Armadas \u201cexhiben, en promedio, mayores tasas de homicidios de hombres en comparaci\u00f3n con aquellas entidades con secretar\u00edas encabezadas por civiles o polic\u00edas de carrera\u201d.<\/p>\n\n\n\n<p>El informe contabiliza en m\u00e1s del doble la tasa de homicidios en aquellas entidades cuya seguridad est\u00e1 controlada por militares sobre aquellas en las que la polic\u00eda o civiles est\u00e1n al mando.<\/p>\n\n\n\n<p>\u201cCada d\u00eda 85 personas son asesinadas en promedio en M\u00e9xico\u201d, coment\u00f3 la directora de la organizaci\u00f3n feminista Intersecta, Estefan\u00eda Vela, que ve en este dato la muestra del fracaso de las pol\u00edticas de seguridad en el pa\u00eds.<\/p>\n\n\n\n<p>Seg\u00fan Vela, \u201cen M\u00e9xico se est\u00e1 dando un proceso en el que las instituciones civiles ceden poder voluntariamente a los militares\u201d a lo que a\u00f1ade que la l\u00f3gica militar est\u00e1 permeando en la forma de proceder de las administraciones.<\/p>\n\n\n\n<p>En la presentaci\u00f3n del informe tambi\u00e9n se trat\u00f3 el estado de los distintos cuerpos policiales, que en muchos lugares han sido relevados por el ej\u00e9rcito o la Semar, y la percepci\u00f3n que los mexicanos tienen de los mismos.<\/p>\n\n\n\n<p>\u201cLa instituci\u00f3n que las personas m\u00e1s perciben como corrupta es la polic\u00eda\u201d, afirm\u00f3 la directora de Intersecta que atribuy\u00f3 esta falta de confianza a la distinta exposici\u00f3n p\u00fablica que sufren respecto a los militares.<\/p>\n\n\n\n<p>Para ello se puso como ejemplo 2020, un a\u00f1o en el que el n\u00famero de personas detenidas por polic\u00edas estatales o municipales fue de 2.5 millones por solo 12 mil que detuvieron los militares, lo que no contribuye a la buena opini\u00f3n social sobre los primeros.<\/p>\n\n\n\n<p>En este sentido, las autoras del informe resaltan la importancia de invertir en acciones de profesionalizaci\u00f3n para una mayor participaci\u00f3n de polic\u00edas de carrera en las secretar\u00edas de seguridad p\u00fablica ya que, por formaci\u00f3n y objetivos, \u201cson los polic\u00edas, y no los militares, quienes tienen un mejor conocimiento y acercamiento con la comunidad y el territorio\u201d.<\/p>\n\n\n\n<p>Algo que s\u00ed fue resaltado positivamente en el informe dentro del gobierno del presidente, Andr\u00e9s Manuel L\u00f3pez Obrador, fue su discurso respecto a las causas de la violencia.<\/p>\n\n\n\n<p>\u201cAl menos han reconocido que la violencia tiene que ver tambi\u00e9n con causas estructurales como las desigualdades\u201d, destac\u00f3 Estefan\u00eda Vela.<\/p>\n\n\n\n<p>Durante el sexenio de L\u00f3pez Obrador, las Fuerzas Armadas adem\u00e1s de actuar en tareas de seguridad p\u00fablica han participado en la construcci\u00f3n de las emblem\u00e1ticas obras del mandatario, como el nuevo Aeropuerto Internacional Felipe \u00c1ngeles (AIFA), la refiner\u00eda Olmeca en Dos Bocas, en el estado de Tabasco, y el Tren Maya.<\/p>\n\n\n\n<p>Seg\u00fan reformas aprobadas por el Congreso mexicano en 2022, las Fuerzas Armadas apoyar\u00e1n en labores de seguridad p\u00fablica hasta 2028, mientras que la Guardia Nacional, que naci\u00f3 como instituci\u00f3n civil, estar\u00e1 formada por el Ej\u00e9rcito mexicano.<\/p>\n\n\n\n<p>(Informaci\u00f3n de EFE en \u201cEl Financiero\u201d)<\/p>\n","protected":false},"excerpt":{"rendered":"<p>Redacci\u00f3n\/Zona Roja Cdmx. Ciudad de M\u00e9xico, a 24 de julio de 2024.- El centro de&hellip;<\/p>\n","protected":false},"author":2,"featured_media":64184,"comment_status":"closed","ping_status":"open","sticky":false,"template":"","format":"standard","meta":{"_lmt_disableupdate":"","_lmt_disable":"","_jetpack_memberships_contains_paid_content":false,"footnotes":""},"categories":[109,47],"tags":[2376],"class_list":["post-70687","post","type-post","status-publish","format-standard","has-post-thumbnail","hentry","category-minuto-a-minuto","category-zona-gris","tag-causa-en-comun"],"jetpack_featured_media_url":"https:\/\/zonaroja.com.mx\/wp-content\/uploads\/2024\/01\/Crimen-violencia-escena.jpeg","jetpack_sharing_enabled":true,"_links":{"self":[{"href":"https:\/\/zonaroja.com.mx\/index.php?rest_route=\/wp\/v2\/posts\/70687","targetHints":{"allow":["GET"]}}],"collection":[{"href":"https:\/\/zonaroja.com.mx\/index.php?rest_route=\/wp\/v2\/posts"}],"about":[{"href":"https:\/\/zonaroja.com.mx\/index.php?rest_route=\/wp\/v2\/types\/post"}],"author":[{"embeddable":true,"href":"https:\/\/zonaroja.com.mx\/index.php?rest_route=\/wp\/v2\/users\/2"}],"replies":[{"embeddable":true,"href":"https:\/\/zonaroja.com.mx\/index.php?rest_route=%2Fwp%2Fv2%2Fcomments&post=70687"}],"version-history":[{"count":1,"href":"https:\/\/zonaroja.com.mx\/index.php?rest_route=\/wp\/v2\/posts\/70687\/revisions"}],"predecessor-version":[{"id":70688,"href":"https:\/\/zonaroja.com.mx\/index.php?rest_route=\/wp\/v2\/posts\/70687\/revisions\/70688"}],"wp:featuredmedia":[{"embeddable":true,"href":"https:\/\/zonaroja.com.mx\/index.php?rest_route=\/wp\/v2\/media\/64184"}],"wp:attachment":[{"href":"https:\/\/zonaroja.com.mx\/index.php?rest_route=%2Fwp%2Fv2%2Fmedia&parent=70687"}],"wp:term":[{"taxonomy":"category","embeddable":true,"href":"https:\/\/zonaroja.com.mx\/index.php?rest_route=%2Fwp%2Fv2%2Fcategories&post=70687"},{"taxonomy":"post_tag","embeddable":true,"href":"https:\/\/zonaroja.com.mx\/index.php?rest_route=%2Fwp%2Fv2%2Ftags&post=70687"}],"curies":[{"name":"wp","href":"https:\/\/api.w.org\/{rel}","templated":true}]}}